{"id":10069,"date":"2018-09-08T10:00:02","date_gmt":"2018-09-08T08:00:02","guid":{"rendered":"https:\/\/fsmcv.org\/?post_type=fsmcv-noticias&#038;p=10069"},"modified":"2020-09-27T18:17:55","modified_gmt":"2020-09-27T18:17:55","slug":"la-fsmcv-rep-el-premi-nacional-cultura-viva-de-defensa-de-les-tradicions-culturals","status":"publish","type":"post","link":"https:\/\/fsmcv.org\/vl\/certamens\/la-fsmcv-rep-el-premi-nacional-cultura-viva-de-defensa-de-les-tradicions-culturals\/","title":{"rendered":"La FSMCV rep el premi nacional Cultura Viva de Defensa de les Tradicions Culturals"},"content":{"rendered":"<h3>La Federaci\u00f3 de Societats Musicals de la Comunitat Valenciana (FSMCV) ha sigut guardonada en els XXVI Premis Nacionals \u201cCultura Viva\u201d, que concedeix el <em>Consejo Superior de Investigaciones Cient\u00edficas<\/em> (CSIC) en la categoria de Defensa de les Tradicions Culturals.<\/h3>\n<p>El premi va ser lliurat ahir divendres en el Real Conservatori Superior de M\u00fasica de Madrid. En aquesta ocasi\u00f3, va arreplegar el premi el president de la FSMCV, Pedro Rodr\u00edguez, de mans del Mestre valenci\u00e0 Enrique Garc\u00eda Asensio, un dels m\u00e9s reconeguts directors d&#8217;orquestra de la nostra \u00e8poca a nivell internacional.<\/p>\n<p>Al costat d&#8217;ell, el jurat ha estat conformat perariano Torralba (secretario), Guadalupe L\u00f3pez, Luisa Mar\u00eda Pay\u00e1n, Teresa Monroy, Laura Prieto, Luis Alberto de Cuenca, Luis Alburquerque, Javier Puebla, Mar\u00eda Rosa Calvo, Pilar San Nicol\u00e1s, Carmen Garc\u00eda, Jos\u00e9 Carlos de Torres, Ricardo Sanz, Alberto Portillo, Fernando Garc\u00eda De la Vega i Enrique Garc\u00eda.<\/p>\n<p>\u201cEl premi nacional Cultura Viva per la Defensa de les Tradicions Culturals \u00e9s un gran honor per a la Federaci\u00f3 de Societats Musicals de la Comunitat Valenciana. Suposa un reconeixement al treball i l&#8217;esfor\u00e7 que s&#8217;ha realitzat en els nostres 50 anys de traject\u00f2ria per part de totes les Societats Musicals de les tres prov\u00edncies per a protegir, promoure i difondre el nostre patrimoni musical popular. Fet que tamb\u00e9 ha vingut avalat per la recent declaraci\u00f3 de BIC a la tradici\u00f3 musical popular de la Comunitat\u201d, ha declarat Pedro Rodr\u00edguez.<\/p>\n<p>Al costat de la FSMCV, en la present edici\u00f3 dels premis nacionals Cultura Viva han sigut guardonats en la categoria de \u201cDansa\u201d la <em>bailaora<\/em> Sara Baras, en la de \u201cPoesia\u201d l&#8217;escriptor valenci\u00e0 Ricardo Bellveser, en \u201cLocalitats\u201d El Boalo- Cerceda- Mataelpino (Comunitat de Madrid), en \u201cArts Pl\u00e0stiques\u201d Ricardo Gal\u00e1n, en \u201cM\u00fasica\u201d Joaqu\u00edn Ach\u00facarro, en \u201cNarrativa\u201d Rafael Reig, en \u201cHist\u00f2ria de l&#8217;Art\u201d Mat\u00edas D\u00edaz Padr\u00f3n, en \u201cCi\u00e8ncies de la Naturalesa\u201d Javier Garc\u00eda Guinea, en \u201cCi\u00e8ncies Socials\u201d Guido Tortorella Esp\u00f3sito, en \u201cTeatre\u201d Jos\u00e9 Luis Garc\u00eda Barrientos, en \u201cRevelaci\u00f3 art\u00edstica\u201d Leo de Mar\u00eda, en \u201cArqueologia\/Historia Antiga\u201d ha rebut el premi &#8220;Jos\u00e9 Mar\u00eda Bl\u00e1zquez Mart\u00ednez&#8221; Gregorio Carrasco Serrano, el premi \u201cNebrija\u201d Ana Su\u00e1rez Miram\u00f3n, el premi \u201cClaudio Prieto\u201d, Luciano Gonz\u00e1lez Sarmiento, el premi \u201cCultura Viva\u201d Encarnaci\u00f3n L\u00f3pez de Arenosa i el profesor valenci\u00e0 Vicente Mart\u00ednez L\u00f3pez ha sigut reconegut com a Soci d&#8217;Honor de l&#8217;entitat Ant\u00f3n Garc\u00eda Abril.<\/p>\n<h3>Altres reconeixements per a la *FSMCV en 2018<\/h3>\n<p>La FSMCV tamb\u00e9 ha sigut reconeguda en els \u00faltims mesos per altres entitats com la Cadena Cope, la Uni\u00f3 Musical de Montcada o l&#8217;Ajuntament de Villena.<\/p>\n<p>En concret, Pedro Rodr\u00edguez, president de la FSMCV, va ser escollit per l&#8217;Ajuntament de Villena per a ser el pregoner el dimecres 5 de setembre de les seues Festes de Moros i Cristians 2018 amb motiu de la celebraci\u00f3 del 50 aniversari de la Federaci\u00f3<\/p>\n<p>La Uni\u00f3 Musical de Montcada, dins de la seua V Gal\u00b7la de la M\u00fasica, va lliurar els Premis Fideus i va concedir el Premi Extraordinari a la FSMCV amb motiu del seu 50 aniversari i a \u00c1ngel Asunci\u00f3n, president d&#8217;honor de la FSMCV, per haver sigut un dels membres fundadors de la Federaci\u00f3 en 1968.<\/p>\n<p>Al costat d&#8217;a\u00e7\u00f2, fa unes setmanes Cope Val\u00e8ncia va recon\u00e8ixer a la FSMCV en la <a href=\"https:\/\/fsmcv.org\/actualidad\/noticias\/fsmcv-galardonado-vii-premios-cope-valencia\">VII Edici\u00f3 dels Premis Cop<\/a>e que tenen com a objectiu recon\u00e8ixer a empreses, associacions i particulars que al llarg de l&#8217;any han destacat per la seua labor, treball i esfor\u00e7 en la promoci\u00f3 i millora de la Comunitat Valenciana. En aquesta edici\u00f3, la FSMCV va rebre el \u201cPremi a les Tradicions Valencianes\u201d.<\/p>\n","protected":false},"excerpt":{"rendered":"<p>En la present edici\u00f3 tamb\u00e9 han sigut premiats la balladora Sara Baras, el pianista Joaqu\u00edn Ach\u00facarro i l&#8217;escriptor valenci\u00e0 Ricardo Bellveser, entre altres referents de l&#8217;\u00e0mbit cultural i social del pa\u00eds.<\/p>\n","protected":false},"author":2,"featured_media":0,"comment_status":"closed","ping_status":"closed","sticky":false,"template":"","format":"standard","meta":{"footnotes":""},"categories":[],"tags":[],"class_list":["post-10069","post","type-post","status-publish","format-standard","hentry"],"_links":{"self":[{"href":"https:\/\/fsmcv.org\/vl\/wp-json\/wp\/v2\/posts\/10069","targetHints":{"allow":["GET"]}}],"collection":[{"href":"https:\/\/fsmcv.org\/vl\/wp-json\/wp\/v2\/posts"}],"about":[{"href":"https:\/\/fsmcv.org\/vl\/wp-json\/wp\/v2\/types\/post"}],"author":[{"embeddable":true,"href":"https:\/\/fsmcv.org\/vl\/wp-json\/wp\/v2\/users\/2"}],"replies":[{"embeddable":true,"href":"https:\/\/fsmcv.org\/vl\/wp-json\/wp\/v2\/comments?post=10069"}],"version-history":[{"count":0,"href":"https:\/\/fsmcv.org\/vl\/wp-json\/wp\/v2\/posts\/10069\/revisions"}],"wp:attachment":[{"href":"https:\/\/fsmcv.org\/vl\/wp-json\/wp\/v2\/media?parent=10069"}],"wp:term":[{"taxonomy":"category","embeddable":true,"href":"https:\/\/fsmcv.org\/vl\/wp-json\/wp\/v2\/categories?post=10069"},{"taxonomy":"post_tag","embeddable":true,"href":"https:\/\/fsmcv.org\/vl\/wp-json\/wp\/v2\/tags?post=10069"}],"curies":[{"name":"wp","href":"https:\/\/api.w.org\/{rel}","templated":true}]}}