{"id":10074,"date":"2018-09-10T11:05:05","date_gmt":"2018-09-10T09:05:05","guid":{"rendered":"https:\/\/fsmcv.org\/?post_type=fsmcv-noticias&#038;p=10074"},"modified":"2020-09-27T18:18:05","modified_gmt":"2020-09-27T18:18:05","slug":"ignacio-garcia-vidal-director-invitado-orquesta-sinfonica-nacional-argentina","status":"publish","type":"post","link":"https:\/\/fsmcv.org\/vl\/certamens\/ignacio-garcia-vidal-director-invitado-orquesta-sinfonica-nacional-argentina\/","title":{"rendered":"Ignacio Garc\u00eda-Vidal, director convidat en l&#8217;Orquestra Simf\u00f2nica Nacional Argentina"},"content":{"rendered":"<p>El director d&#8217;orquestra Ignacio Garc\u00eda-Vidal \u00e9s un habitual en la programaci\u00f3 de les millors orquestres simf\u00f2niques argentines i uruguaianes. En els \u00faltims 15 anys la seua regular pres\u00e8ncia i l&#8217;\u00e8xit dels seus concerts li atorguen una respectada posici\u00f3, havent dirigit, entre unes altres: Orquesta Filarm\u00f3nica del Teatro Col\u00f3n de Buenos Aires, Orquesta Filarm\u00f3nica de Montevideo, Orquestas Sinf\u00f3nicas de Salta, C\u00f3rdoba, Mar del Plata, Santa Fe o Tucum\u00e1n.<\/p>\n<p>En aquesta ocasi\u00f3 Ignacio Garc\u00eda-Vidal ha dirigit a l&#8217;Orquesta Sinf\u00f3nica Nacional els dies 7 i 9 de setembre interpretant el ballet <em>Las estaciones<\/em> op. 67 d&#8217;Alexander Glazunov, en una especial producci\u00f3 que ha comptat amb els ballarins de la Compa\u00f1\u00eda Nacional de Danza Contempor\u00e1nea de Argentina i l&#8217;actriu Ana Hern\u00e1ndez S\u00e1nchiz.<\/p>\n<blockquote>\n<p style=\"text-align: right;\">\u201c<em>Ha sigut un privilegi dirigir de nou a l&#8217;Orquesta Sinf\u00f3nica Nacional Argentina amb aquests meravellosos m\u00fasics i ballarins, formant part del seu 70\u00e9na temporada en aquest temple de la m\u00fasica que \u00e9s el CCK<\/em>\u201d, declarava Garc\u00eda-Vidal.<\/p>\n<\/blockquote>\n<p>L&#8217;\u00e8xit art\u00edstic i de p\u00fablic dels concerts, amb prop de 5.000 assistents, confirmen la consolidaci\u00f3 d&#8217;una carrera que assenta els seus fonaments en una s\u00f2lida preparaci\u00f3 humanista i musical. Garc\u00eda-Vidal \u00e9s Doctor en Did\u00e0ctica de la Direcci\u00f3 d&#8217;Orquestra, a m\u00e9s de Llicenciat en Musicologia i Llicenciat en Comunicaci\u00f3 a Salamanca, formaci\u00f3 que li possibilita compaginar la vida art\u00edstica amb la pedag\u00f2gica, sent professor de Direcci\u00f3 d&#8217;Orquestra en la Universidad Nacional de Avellaneda a Buenos Aires i impartint seminaris internacionals en diferents llocs.<\/p>\n<p>El mestre Ignacio Garc\u00eda-Vidal resideix habitualment a Espanya, on dirigir\u00e0 pr\u00f2ximament diferents concerts alternant amb la temporada americana. Al gener i maig de 2019 tornar\u00e0 a la tarima de l&#8217;Orquesta Sinf\u00f3nica de Tenerife, al febrer dirigir\u00e0 a l&#8217;Orquesta Sinf\u00f3nica de Navarra, i a l&#8217;abril i juny realitzar\u00e0 el seu debut en el Teatre Real de Madrid, en una producci\u00f3 al costat de l&#8217;actor Luis Piedrahita.<\/p>\n<hr \/>\n<p>Fotos: Direcci\u00f3n Nacional de Organismos Estables, Georgina Garc\u00eda.<\/p>\n","protected":false},"excerpt":{"rendered":"<p>El mestre alacant\u00ed va tornar al CCK de Buenos Aires per quarta vegada per a dirigir tres concerts dins de la 70\u00e9na temporada d&#8217;una de les principals orquestres simf\u00f2niques del continent americ\u00e0.<\/p>\n","protected":false},"author":2,"featured_media":0,"comment_status":"closed","ping_status":"closed","sticky":false,"template":"","format":"standard","meta":{"footnotes":""},"categories":[],"tags":[],"class_list":["post-10074","post","type-post","status-publish","format-standard","hentry"],"_links":{"self":[{"href":"https:\/\/fsmcv.org\/vl\/wp-json\/wp\/v2\/posts\/10074","targetHints":{"allow":["GET"]}}],"collection":[{"href":"https:\/\/fsmcv.org\/vl\/wp-json\/wp\/v2\/posts"}],"about":[{"href":"https:\/\/fsmcv.org\/vl\/wp-json\/wp\/v2\/types\/post"}],"author":[{"embeddable":true,"href":"https:\/\/fsmcv.org\/vl\/wp-json\/wp\/v2\/users\/2"}],"replies":[{"embeddable":true,"href":"https:\/\/fsmcv.org\/vl\/wp-json\/wp\/v2\/comments?post=10074"}],"version-history":[{"count":0,"href":"https:\/\/fsmcv.org\/vl\/wp-json\/wp\/v2\/posts\/10074\/revisions"}],"wp:attachment":[{"href":"https:\/\/fsmcv.org\/vl\/wp-json\/wp\/v2\/media?parent=10074"}],"wp:term":[{"taxonomy":"category","embeddable":true,"href":"https:\/\/fsmcv.org\/vl\/wp-json\/wp\/v2\/categories?post=10074"},{"taxonomy":"post_tag","embeddable":true,"href":"https:\/\/fsmcv.org\/vl\/wp-json\/wp\/v2\/tags?post=10074"}],"curies":[{"name":"wp","href":"https:\/\/api.w.org\/{rel}","templated":true}]}}