{"id":10091,"date":"2018-09-13T09:36:52","date_gmt":"2018-09-13T07:36:52","guid":{"rendered":"https:\/\/fsmcv.org\/?post_type=fsmcv-noticias&#038;p=10091"},"modified":"2021-09-30T10:54:32","modified_gmt":"2021-09-30T08:54:32","slug":"cicle-cultura-als-barris-2018-banda-cim-tendetes","status":"publish","type":"post","link":"https:\/\/fsmcv.org\/vl\/certamens\/cicle-cultura-als-barris-2018-banda-cim-tendetes\/","title":{"rendered":"El cicle &#8220;Cultura als barris&#8221; torna aquest diumenge amb la banda de m\u00fasica del CIM Tendetes"},"content":{"rendered":"<p>L\u2019Ajuntament de Val\u00e8ncia llan\u00e7a un any m\u00e9s el cicle &#8220;Cultura als barris&#8221; que enguany ja arriba a la tercera edici\u00f3 i que comptar\u00e0 de nou amb les bandes de m\u00fasica de la ciutat de Val\u00e8ncia. Fins a 24 barris podran gaudir d&#8217;aquesta festa, 14 m\u00e9s que l&#8217;any passat.<\/p>\n<p>El cicle tindr\u00e0 lloc del 8 de setembre al 4 de novembre i inclour\u00e0 un total de 21 concerts de m\u00fasica de banda, el primer dels quals se celebrar\u00e0 el diumenge 16 de setembre a les 19 hores al barri de Tendetes i estar\u00e0 a c\u00e0rrec de la banda del CIM Tendetes dirigida per Patricia Rozal\u00e9n Serrador. La resta de concerts tindran lloc als barris de Natzaret, Soternes, la Carrasca, Sant Pau, Nou Moles, la Creu del Grau, Vara de Quart, la Creu Coberta, la Ra\u00efosa, Montolivet, Aiora, Sant Marcel\u00b7l\u00ed, Benicalap, Campanar, Trinitat, Malilla, Torrefiel, la Llum, Cabanyal-Canyamelar i Malva-rosa.<\/p>\n<p>Com que des de l\u2019Ajuntament s\u2019ha volgut implicar als agents culturals locals, no podia faltar la m\u00fasica de banda ja que, en paraules de la regidora de Cultura, Gl\u00f2ria Tello, calia donar suport a estes entitats musicals.<\/p>\n<p>A m\u00e9s dels concerts, &#8220;Cultura als barris&#8221; inclou recitals de poesia, mon\u00f2legs d&#8217;humor, tallers de manualitats, jocs populars, teatre infantil, m\u00e0gia, cinema, conta contes, circ, \u00f2pera, i moltes altres propostes amb les quals, tal com ha explicat Tello, \u00ab<em>volem facilitar l&#8217;acc\u00e9s a la cultura, per a fer-la m\u00e9s accessible a les persones que ho tenen dif\u00edcil per lloc de resid\u00e8ncia o per q\u00fcestions socials o econ\u00f2miques<\/em>\u00bb.<\/p>\n<h3>Concerts &#8220;Cultura als barris&#8221;<\/h3>\n<p>16 de setembre. 19 h. Barri Tendetes. CIM Tendetes<br \/>\n22 de setembre. 19 h. Barri Natzaret. CMD Natzaret.<br \/>\n23 de setembre. 19 h. Barri Soternes. Societat Musical Barri de Malilla.<br \/>\n30 de setembre. 12 h. Barri la Carrasca. Societat Musical Uni\u00f3 de Pescadors.<br \/>\n30 de setembre. 12:30 h. Barri Sant Pau. CIM Benimaclet.<br \/>\n30 de setembre. 18 h. Barri Nou Mol\u00e9s. SIM El Palmar.<br \/>\n30 de setembre. 19 h. Barri La Creu del Grau. CIM Banda Torrefiel.<br \/>\n7 d\u2019octubre. 12 h. Barri Vara de Quart-Tres Forques. CIM Castellar-Oliveral<br \/>\n7 d\u2019octubre. 18 h. Barri La Creu Coberta. Agrupaci\u00f3n Musical San Isidro<br \/>\n7 d\u2019octubre. 18:30 h. Barri La Ra\u00efosa. Agrupaci\u00f3 Musical Gayano Lluch.<br \/>\n21 d\u2019octubre. 12 h. Barri Montolivet. Uni\u00f3 Musical Santa Cecilia de Castellar-Oliveral<br \/>\n21 d\u2019octubre. 17:30 h. Barri Aiora. Agrupaci\u00f3 Musical Massarrojos<br \/>\n27 d\u2019octubre. 17 h. Barri Sant Marcel\u00b7l\u00ed. Uni\u00f3 Musical l\u2019Horta de Sant Marcel\u00b7l\u00ed.<br \/>\n27 d\u2019octubre. 17:30 h. Barri Benicalap. Agrupaci\u00f3 Musical Benicalap<br \/>\n28 d\u2019octubre. 12 h. Barri de Campanar. Banda de m\u00fasica de Campanar.<br \/>\n28 d\u2019octubre. 12:30 h. Barri de Trinitat. Societat Musical Els Orriols<br \/>\n28 d\u2019octubre. 17 h. Barri de Malilla. Agrupaci\u00f3 Musical Carrera Fuente de San Luis.<br \/>\n3 de novembre. 17 h. Barri de Torrefiel. Agrupaci\u00f3 Musical Patraix.<br \/>\n4 de novembre. 12 h. Barri de la Llum. Societat Musical La Uni\u00f3 de Tres Forques<br \/>\n4 de novembre. 12:30 h. Barri de Cabanyal-Canyamelar. Societat Musical Poblats Mar\u00edtims.<br \/>\n4 de novembre. 17 h. Barri de Malva-rosa. Associaci\u00f3 Cultural Falla Jer\u00f3nima Gal\u00e9s-Lit\u00f3grafo Pascual i Abad.<\/p>\n<h3>Documentaci\u00f3<\/h3>\n<p><a href=\"https:\/\/fsmcv.org\/BTnet-storage\/wp-uploads\/2018\/09\/0906-Programacio\u0301-Cultura-als-barris.pdf\" target=\"_blank\" rel=\"noopener noreferrer\">Descarrega el programa d&#8217;actes [PDF]<\/a><\/p>\n","protected":false},"excerpt":{"rendered":"<p>La tercera edici\u00f3 de &#8220;Cultura als barris&#8221; inclou 21 concerts a c\u00e0rrec de bandes de la ciutat de Val\u00e8ncia.<\/p>\n","protected":false},"author":2,"featured_media":0,"comment_status":"closed","ping_status":"closed","sticky":false,"template":"","format":"standard","meta":{"footnotes":""},"categories":[234],"tags":[],"class_list":["post-10091","post","type-post","status-publish","format-standard","hentry","category-certamens"],"_links":{"self":[{"href":"https:\/\/fsmcv.org\/vl\/wp-json\/wp\/v2\/posts\/10091","targetHints":{"allow":["GET"]}}],"collection":[{"href":"https:\/\/fsmcv.org\/vl\/wp-json\/wp\/v2\/posts"}],"about":[{"href":"https:\/\/fsmcv.org\/vl\/wp-json\/wp\/v2\/types\/post"}],"author":[{"embeddable":true,"href":"https:\/\/fsmcv.org\/vl\/wp-json\/wp\/v2\/users\/2"}],"replies":[{"embeddable":true,"href":"https:\/\/fsmcv.org\/vl\/wp-json\/wp\/v2\/comments?post=10091"}],"version-history":[{"count":0,"href":"https:\/\/fsmcv.org\/vl\/wp-json\/wp\/v2\/posts\/10091\/revisions"}],"wp:attachment":[{"href":"https:\/\/fsmcv.org\/vl\/wp-json\/wp\/v2\/media?parent=10091"}],"wp:term":[{"taxonomy":"category","embeddable":true,"href":"https:\/\/fsmcv.org\/vl\/wp-json\/wp\/v2\/categories?post=10091"},{"taxonomy":"post_tag","embeddable":true,"href":"https:\/\/fsmcv.org\/vl\/wp-json\/wp\/v2\/tags?post=10091"}],"curies":[{"name":"wp","href":"https:\/\/api.w.org\/{rel}","templated":true}]}}