{"id":10154,"date":"2018-09-21T09:17:16","date_gmt":"2018-09-21T07:17:16","guid":{"rendered":"https:\/\/fsmcv.org\/?post_type=fsmcv-noticias&#038;p=10154"},"modified":"2021-09-30T10:55:26","modified_gmt":"2021-09-30T08:55:26","slug":"concert-bandes-lliria-capital-musica-valenciana","status":"publish","type":"post","link":"https:\/\/fsmcv.org\/vl\/certamens\/concert-bandes-lliria-capital-musica-valenciana\/","title":{"rendered":"El Concert de les Bandes convertir\u00e0 a Ll\u00edria en la capital de la m\u00fasica valenciana este cap de setmana"},"content":{"rendered":"<p>La Ciutat de la M\u00fasica celebra el Concert de les Bandes este dissabte 22 de setembre a la pla\u00e7a Major. Es tracta d\u2019un esdeveniment \u00fanic, organitzat per la Regidoria de M\u00fasica de l\u2019Ajuntament de Ll\u00edria, que reuneix a les dos prestigioses bandes del municipi. El concert de la Banda Primitiva i la Uni\u00f3 Musical centrar\u00e0 la mirada del m\u00f3n musical, convertint a Ll\u00edria en la capital de la m\u00fasica valenciana, durant este cap de setmana, en el marc de la Fira i Festes de Sant Miquel 2018.<\/p>\n<p>En la present edici\u00f3, el Concert de les Bandes servir\u00e0 per retre homenatge al compositor Franco Cesarini, per la seua dilatada i reconeguda traject\u00f2ria en el terreny de la composici\u00f3 musical. L\u2019itali\u00e0 compta amb un ampli i vers\u00e0til cat\u00e0leg d\u2019obres, conformat per peces per a banda, conjunt de vent, instruments solistes, quartet de cordes, veus i orquestra simf\u00f2nica. El 2011 va ser nomenat compositor resident en la Southeast Missouri State University en Cape Girardeau, als Estats Units.<\/p>\n<p>Amb motiu d\u2019este homenatge, les dos bandes participants interpretaran algunes de les seues composicions. En la primera part, actuar\u00e0 l\u2019Ateneu Musical i d\u2019Ensenyament Banda Primitiva de Ll\u00edria, dirigida per Javier Engu\u00eddanos Morat\u00f3. El Clar\u00edn obrir\u00e0 el concert amb el pasdoble Serrano de Ram\u00f3n Garc\u00eda Soler i, a continuaci\u00f3, interpretar\u00e0 les obres <em>Equestrian sinfoniette<\/em> i <em>Mosaici bizantini<\/em> de Cesarini. En la segona part, Pablo Marqu\u00e9s prendr\u00e0 la batuta de la Banda Simf\u00f2nica Uni\u00f3 Musical de Ll\u00edria. L\u2019agrupaci\u00f3 obrir\u00e0 la seua actuaci\u00f3 amb <em>Centenari Musical<\/em>, pasdoble de Ram\u00f3n Garc\u00eda Soler, i tancar\u00e0 el concert amb la Simfonia n\u00fam.1 <em>Els Arcangels<\/em> de l\u2019homenatjat Franco Cesarini.<\/p>\n<p>El Concert de les Bandes comen\u00e7ar\u00e0 a les 22.30 hores. Per\u00f2, minuts abans, les dos agrupacions faran una entrada en cercavila, des dels seus respectius locals socials fins a la pla\u00e7a Major.<\/p>\n","protected":false},"excerpt":{"rendered":"<p>La Ciutat de la M\u00fasica far\u00e0 un homenatge al compositor itali\u00e0 Franco Cesarini.<\/p>\n","protected":false},"author":2,"featured_media":0,"comment_status":"closed","ping_status":"closed","sticky":false,"template":"","format":"standard","meta":{"footnotes":""},"categories":[234],"tags":[],"class_list":["post-10154","post","type-post","status-publish","format-standard","hentry","category-certamens"],"_links":{"self":[{"href":"https:\/\/fsmcv.org\/vl\/wp-json\/wp\/v2\/posts\/10154","targetHints":{"allow":["GET"]}}],"collection":[{"href":"https:\/\/fsmcv.org\/vl\/wp-json\/wp\/v2\/posts"}],"about":[{"href":"https:\/\/fsmcv.org\/vl\/wp-json\/wp\/v2\/types\/post"}],"author":[{"embeddable":true,"href":"https:\/\/fsmcv.org\/vl\/wp-json\/wp\/v2\/users\/2"}],"replies":[{"embeddable":true,"href":"https:\/\/fsmcv.org\/vl\/wp-json\/wp\/v2\/comments?post=10154"}],"version-history":[{"count":0,"href":"https:\/\/fsmcv.org\/vl\/wp-json\/wp\/v2\/posts\/10154\/revisions"}],"wp:attachment":[{"href":"https:\/\/fsmcv.org\/vl\/wp-json\/wp\/v2\/media?parent=10154"}],"wp:term":[{"taxonomy":"category","embeddable":true,"href":"https:\/\/fsmcv.org\/vl\/wp-json\/wp\/v2\/categories?post=10154"},{"taxonomy":"post_tag","embeddable":true,"href":"https:\/\/fsmcv.org\/vl\/wp-json\/wp\/v2\/tags?post=10154"}],"curies":[{"name":"wp","href":"https:\/\/api.w.org\/{rel}","templated":true}]}}