{"id":10159,"date":"2018-09-24T09:00:18","date_gmt":"2018-09-24T07:00:18","guid":{"rendered":"https:\/\/fsmcv.org\/?post_type=fsmcv-noticias&#038;p=10159"},"modified":"2021-03-29T13:32:28","modified_gmt":"2021-03-29T11:32:28","slug":"taller-musica-jove-abre-puertas-oferta-formativa","status":"publish","type":"post","link":"https:\/\/fsmcv.org\/vl\/area-educativa-vl\/xarxa-centres-educatius\/taller-musica-jove-abre-puertas-oferta-formativa\/","title":{"rendered":"El Taller de M\u00fasica Jove obri les seues portes per donar a con\u00e8ixer la seua oferta formativa"},"content":{"rendered":"<p>El <strong>Taller de M\u00fasica Jove<\/strong> \u00e9s un centre d&#8217;educaci\u00f3 i creaci\u00f3 musical situat en l&#8217;antiga fosa del barri de Benimaclet a Val\u00e8ncia. Com a Centre Autoritzat d&#8217;Ensenyaments Professionals, \u00e9s a dir Conservatori Privat i com a Escola de M\u00fasica, va canviar fa ja m\u00e9s de 20 anys els sons industrials d&#8217;alts forns per melodies de violins, timbals i guitarres el\u00e8ctriques.<\/p>\n<p>En aquest centre es pot trobar una \u00e0mplia varietat d&#8217;oferta formativa com: Musicoter\u00e0pia per a embar\u00e0s o beb\u00e8s, Sensibilitzaci\u00f3 Musical amb el m\u00e8tode Fasolet, Preparatori amb la seua pr\u00f2pia metodologia OrquesBand i Diploma Elemental, tot a\u00e7\u00f2 de 3-11 anys. A part existeix la possibilitat d&#8217;estudiar de forma lliure qualsevol instrument i Conservatori de manera oficial a partir dels 12 anys. Tot alumne t\u00e9 acc\u00e9s a les activitats i agrupacions organitzades pel centre.<\/p>\n<p>Consulta totes les activitats programades per a aquestes jornades de portes obertes <a href=\"http:\/\/tallerdemusicajove.es\/joomla\/index.php\/historico\/actividades-por-cursos-2\/708-puertas-abiertas-2018-20\" target=\"_blank\" rel=\"noopener noreferrer\">ac\u00ed<\/a>.<\/p>\n<p>L&#8217;Associaci\u00f3 <a href=\"http:\/\/www.musicajove.net\" target=\"_blank\" rel=\"noopener noreferrer\">&#8220;M\u00fasica Jove&#8221;<\/a> (AMJ) de Benimaclet (Val\u00e8ncia) \u00e9s una entitat no lucrativa fundada al juny de 1994 que engloba tres grans activitats: la docent (Taller de M\u00fasica Jove), la interpretativa (Orquestra, Cor i Banda M\u00fasica Jove) i la divulgativa (el Mini Auditori). Activitats realitzades setmanalment per les m\u00e9s de cinc-centes persones entre socis, alumnat i professorat que formen AMJ.<\/p>\n<p>La AMJ pertany a la <a href=\"http:\/\/www.fsmcv.org\/\" target=\"_blank\" rel=\"noopener noreferrer\">Federaci\u00f3 de Societats Musicals de la Comunitat Valenciana<\/a> (FSMCV), la Federaci\u00f3 de Centres Autoritzats (FECEMAC), la <a href=\"http:\/\/www.aeioumusica.com\/reem\/\" target=\"_blank\" rel=\"noopener noreferrer\">Xarxa Espanyola d&#8217;Escoles de M\u00fasica<\/a> (REEM) i la <a href=\"http:\/\/emmenet.org\/\" target=\"_blank\" rel=\"noopener noreferrer\">European Modern Music Network<\/a> (EMMEN).<\/p>\n<p><img fetchpriority=\"high\" decoding=\"async\" class=\"aligncenter size-full wp-image-10160\" src=\"https:\/\/fsmcv.org\/BTnet-storage\/wp-uploads\/2018\/09\/puertas_abiertas_tmj.jpg\" alt=\"\" width=\"958\" height=\"438\" title=\"\"><\/p>\n","protected":false},"excerpt":{"rendered":"<p>L&#8217;Associaci\u00f3 &#8220;M\u00fasica Jove&#8221; de Benimaclet \u00e9s una entitat no lucrativa fundada al juny de 1994 que engloba tres grans activitats: la docent (Taller de M\u00fasica Jove), la interpretativa (Orquestra, Cor i Banda M\u00fasica Jove) i la divulgativa (el Mini Auditori). <\/p>\n","protected":false},"author":2,"featured_media":0,"comment_status":"closed","ping_status":"closed","sticky":false,"template":"","format":"standard","meta":{"footnotes":""},"categories":[164],"tags":[],"class_list":["post-10159","post","type-post","status-publish","format-standard","hentry","category-xarxa-centres-educatius"],"_links":{"self":[{"href":"https:\/\/fsmcv.org\/vl\/wp-json\/wp\/v2\/posts\/10159","targetHints":{"allow":["GET"]}}],"collection":[{"href":"https:\/\/fsmcv.org\/vl\/wp-json\/wp\/v2\/posts"}],"about":[{"href":"https:\/\/fsmcv.org\/vl\/wp-json\/wp\/v2\/types\/post"}],"author":[{"embeddable":true,"href":"https:\/\/fsmcv.org\/vl\/wp-json\/wp\/v2\/users\/2"}],"replies":[{"embeddable":true,"href":"https:\/\/fsmcv.org\/vl\/wp-json\/wp\/v2\/comments?post=10159"}],"version-history":[{"count":0,"href":"https:\/\/fsmcv.org\/vl\/wp-json\/wp\/v2\/posts\/10159\/revisions"}],"wp:attachment":[{"href":"https:\/\/fsmcv.org\/vl\/wp-json\/wp\/v2\/media?parent=10159"}],"wp:term":[{"taxonomy":"category","embeddable":true,"href":"https:\/\/fsmcv.org\/vl\/wp-json\/wp\/v2\/categories?post=10159"},{"taxonomy":"post_tag","embeddable":true,"href":"https:\/\/fsmcv.org\/vl\/wp-json\/wp\/v2\/tags?post=10159"}],"curies":[{"name":"wp","href":"https:\/\/api.w.org\/{rel}","templated":true}]}}