{"id":1035,"date":"2016-09-25T16:47:04","date_gmt":"2016-09-25T14:47:04","guid":{"rendered":"http:\/\/fsmcv.org\/?post_type=fsmcv-noticias&#038;p=1035"},"modified":"2020-09-27T18:14:09","modified_gmt":"2020-09-27T18:14:09","slug":"las-bandas-de-la-comarca-els-ports-alt-maestrat-celebran-la-xxiii-trobada-comarcal-en-cati","status":"publish","type":"post","link":"https:\/\/fsmcv.org\/vl\/noticies-campanyes\/musica-a-la-llum\/las-bandas-de-la-comarca-els-ports-alt-maestrat-celebran-la-xxiii-trobada-comarcal-en-cati\/","title":{"rendered":"Les bandes de la comarca Els Ports &#8211; Alt Maestrat celebren la XXIII Trobada comarcal a Cat\u00ed"},"content":{"rendered":"<p class=\"texto\"><span class=\"texto\">Cat\u00ed, 23 de setembre del 2016<br \/>\n<\/span><\/p>\n<div><span class=\"texto\">Continuant amb les trobades comarcals entre bandes que organitza la Diputaci\u00f3 de Castell\u00f3, en col\u00b7laboraci\u00f3 amb la Federaci\u00f3 de Societats Musicals de la Comunitat Valenciana, la Uni\u00f3 Musical Catinenca i l&#8217;Ajuntament de Cat\u00ed, el pr\u00f2xim dissabte 1 d&#8217;octubre es reuniran a Cat\u00ed les bandes de la comarca Els Ports &#8211; Alt Maestrat.<\/span><\/div>\n<div><\/div>\n<div>L&#8217;acte, que es celebrar\u00e0 a Cat\u00ed a partir de les 15:30 hores, reunir\u00e0 a les bandes Societat Musical Cinctorrana de Cinctorres, Associaci\u00f3 Musical Mestre Candel de Morella, Banda de M\u00fasica Santa Quit\u00e8ria de T\u00edrig, Uni\u00f3 Musical de Vilafranca, Associaci\u00f3 Musical Santa Cec\u00edlia d&#8217;Alboc\u00e0sser, Banda Font d&#8217;En Segures de Benassal y la Uni\u00f3 Musical Catinenca de Cat\u00ed, banda amfitriona de la trobada.<\/div>\n<div><\/div>\n<div>La Trobada comen\u00e7ar\u00e0 a les 15:30 amb la recepci\u00f3 dels m\u00fasics i autoritats, i continuar\u00e0 a les 16:00 amb la desfilada de les bandes participants. A partir de les 16:30, les bandes realitzaran les seues interpretacions a l&#8217;escenari, per a continuar despr\u00e9s amb el parlament de les autoritats i el convit per a tots els m\u00fasics participants.<\/div>\n<div><\/div>\n<h3>PROGRAMA<\/h3>\n<div><\/div>\n<div>\n<div>SOCIETAT MUSICAL CINCTORRANA DE CINCTORRES<\/div>\n<div>Director: Carmelo Jos\u00e9 Gim\u00e9nez Casaus<\/div>\n<div>Pasdoble: Camino de Rosas. Jos\u00e9 Franco<\/div>\n<div>Obra: Dolls and Marionettes, primer moviment Toyland Suite. Ferrer Ferran<\/div>\n<div><\/div>\n<div>ASSOCIACI\u00d3 MUSICAL MESTRE CANDEL DE MORELLA<\/div>\n<div>Director: Antonio Ort\u00ed Boix<\/div>\n<div>Pasdoble: El Yayo. Francisco Garc\u00eda Folch<\/div>\n<div>Obra: La Tempranica, adaptaci\u00f3 de sarsuela. Ger\u00f3nimo Gim\u00e9nez<\/div>\n<div><\/div>\n<div>BANDA DE M\u00daSICA SANTA QUIT\u00c8RIA DE T\u00cdRIG<\/div>\n<div>Director: Ra\u00fal Par\u00eds Garc\u00eda<\/div>\n<div>Pasdoble: Ateneo Musical. Mariano Puig<\/div>\n<div>Obra: Free World Fantasy. Jacob de Haan<\/div>\n<div><\/div>\n<div>UNI\u00d3 MUSICAL DE VILAFRANCA<\/div>\n<div>Director: Pau Monfort Pitarch<\/div>\n<div>Pasdoble: La Marxa de 1941. John Williams<\/div>\n<div>Obra: Bacanal de l\u2019\u00d2pera Sams\u00f3 i Dalila. Camille Saint-Sa\u00ebns<\/div>\n<div><\/div>\n<div>ASSOCIACI\u00d3 MUSICAL SANTA CEC\u00cdLIA D\u2019ALBOC\u00c0SSER<\/div>\n<div>Director: Juan Conill Olivares<\/div>\n<div>Pasdoble: Tercio de Quintes. Rafael Talens<\/div>\n<div>Obra: Lux Aurumque. Eric Whitacre<\/div>\n<div><\/div>\n<div>BANDA FONT D\u2019EN SEGURES DE BENASSAL<\/div>\n<div>Director: Ricard Fortea Marco<\/div>\n<div>Pasdoble: Nules. Perfecto Artola<\/div>\n<div>Obra: Las Playas de R\u00edo. Kees Vlak<\/div>\n<div><\/div>\n<div>UNI\u00d3 MUSICAL CATINENCA DE CAT\u00cd<\/div>\n<div>Director: Daniel Ib\u00e1\u00f1ez Barreda<\/div>\n<div>Pasdoble: La Vereda. \u00d3scar Navarro<\/div>\n<div>Obra: Rapunzel. Bert Appermont<\/div>\n<\/div>\n<div><\/div>\n<p>&nbsp;<\/p>\n","protected":false},"excerpt":{"rendered":"<p>La trobada, dins del programa de Trobades Comarcals que organitza la Diputaci\u00f3 de Castell\u00f3, tindr\u00e0 lloc el pr\u00f2xim dissabte 1 d&#8217;octubre, a partir de les 15:30 a Cat\u00ed<\/p>\n","protected":false},"author":2,"featured_media":0,"comment_status":"closed","ping_status":"closed","sticky":false,"template":"","format":"standard","meta":{"footnotes":""},"categories":[10],"tags":[],"class_list":["post-1035","post","type-post","status-publish","format-standard","hentry","category-musica-a-la-llum"],"_links":{"self":[{"href":"https:\/\/fsmcv.org\/vl\/wp-json\/wp\/v2\/posts\/1035","targetHints":{"allow":["GET"]}}],"collection":[{"href":"https:\/\/fsmcv.org\/vl\/wp-json\/wp\/v2\/posts"}],"about":[{"href":"https:\/\/fsmcv.org\/vl\/wp-json\/wp\/v2\/types\/post"}],"author":[{"embeddable":true,"href":"https:\/\/fsmcv.org\/vl\/wp-json\/wp\/v2\/users\/2"}],"replies":[{"embeddable":true,"href":"https:\/\/fsmcv.org\/vl\/wp-json\/wp\/v2\/comments?post=1035"}],"version-history":[{"count":0,"href":"https:\/\/fsmcv.org\/vl\/wp-json\/wp\/v2\/posts\/1035\/revisions"}],"wp:attachment":[{"href":"https:\/\/fsmcv.org\/vl\/wp-json\/wp\/v2\/media?parent=1035"}],"wp:term":[{"taxonomy":"category","embeddable":true,"href":"https:\/\/fsmcv.org\/vl\/wp-json\/wp\/v2\/categories?post=1035"},{"taxonomy":"post_tag","embeddable":true,"href":"https:\/\/fsmcv.org\/vl\/wp-json\/wp\/v2\/tags?post=1035"}],"curies":[{"name":"wp","href":"https:\/\/api.w.org\/{rel}","templated":true}]}}