{"id":10368,"date":"2018-10-15T12:53:27","date_gmt":"2018-10-15T10:53:27","guid":{"rendered":"https:\/\/fsmcv.org\/?post_type=fsmcv-noticias&#038;p=10368"},"modified":"2021-09-30T11:33:07","modified_gmt":"2021-09-30T09:33:07","slug":"director-valenciano-enrique-barrachina-visita-universidad-carolina-norte","status":"publish","type":"post","link":"https:\/\/fsmcv.org\/vl\/certamens\/director-valenciano-enrique-barrachina-visita-universidad-carolina-norte\/","title":{"rendered":"El director valenci\u00e0 Enrique Barrachina porta la m\u00fasica espanyola a la Universitat de Carolina del Nord"},"content":{"rendered":"<p>El director valenci\u00e0 Enrique Barrachina, titular de la banda de l&#8217;Associaci\u00f3 M\u00fasica Jove (AMJ) de Val\u00e8ncia, viatjar\u00e0 entre el 20 i el 26 d&#8217;octubre a Estats Units convidat per la Universitat de Carolina del Nord en Chapel Hill.<\/p>\n<p>Durant la seua estada, Barrachina, que \u00e9s tamb\u00e9 el gestor cultural de l&#8217;AMJ, desenvolupar\u00e0 diferents activitats art\u00edstiques i formatives amb set agrupacions musicals (professionals i educatives) de divers nivell com la Greensboro Symphony Youth Orchestra, la Fuquay-Varina Middle School, Triangle Wind Ensemble, Panther Creek High School wind symphony, Panther Creek High School concert band, Ligon Middle School i la UNC Wind Ensemble.<\/p>\n<p>La visita respon a la seua relaci\u00f3 amb el director americ\u00e0 Evan Feldman, que ha visitat en diverses ocasions Espanya, i amb qui el director valenci\u00e0 treballa per trobar punts d&#8217;uni\u00f3 entre tots dos sistemes d&#8217;educaci\u00f3 musical, processos educatius, models i repertori per a intentar ser aplicats en cada pa\u00eds.<\/p>\n<p>Enrique Barrachina ha triat un repertori de m\u00fasica espanyola actual i tradicional per a treballar amb les diferents agrupacions i presentar\u00e0 \u201cA quick visit to Spain\u201d, el seu \u00faltim projecte musical, en el qual junt a vuit compositors espanyols pret\u00e9n acostar als m\u00fasics americans la m\u00fasica popular espanyola amb un enfocament actual. D&#8217;aquesta manera, coneixeran obres de Frank Cogollos, Sara Galiana, David G\u00f3mez, Azael Tormo, David Rivas, Ignasi Revert\u00e9, Jose Ram\u00f3n Rico i Guillermo Ruano.<\/p>\n<p>Aix\u00ed mateix, oferir\u00e0 una confer\u00e8ncia a l&#8217;alumnat de Pedagogia Musical d&#8217;aquesta prestigiosa universitat p\u00fablica nord-americana sobre l&#8217;actual sistema educatiu musical espanyol.<\/p>\n<p>El viatge, finan\u00e7at \u00edntegrament per aquesta Universitat, obri les portes per a futures col\u00b7laboracions entre aquesta entitat i l&#8217;AMJ.<\/p>\n","protected":false},"excerpt":{"rendered":"<p>El titular de la banda de l&#8217;Associaci\u00f3 M\u00fasica Jove de Val\u00e8ncia, dirigir\u00e0 diverses formacions amb les quals interpretar\u00e0 peces de compositors espanyols.<\/p>\n","protected":false},"author":2,"featured_media":0,"comment_status":"closed","ping_status":"closed","sticky":false,"template":"","format":"standard","meta":{"footnotes":""},"categories":[234],"tags":[],"class_list":["post-10368","post","type-post","status-publish","format-standard","hentry","category-certamens"],"_links":{"self":[{"href":"https:\/\/fsmcv.org\/vl\/wp-json\/wp\/v2\/posts\/10368","targetHints":{"allow":["GET"]}}],"collection":[{"href":"https:\/\/fsmcv.org\/vl\/wp-json\/wp\/v2\/posts"}],"about":[{"href":"https:\/\/fsmcv.org\/vl\/wp-json\/wp\/v2\/types\/post"}],"author":[{"embeddable":true,"href":"https:\/\/fsmcv.org\/vl\/wp-json\/wp\/v2\/users\/2"}],"replies":[{"embeddable":true,"href":"https:\/\/fsmcv.org\/vl\/wp-json\/wp\/v2\/comments?post=10368"}],"version-history":[{"count":0,"href":"https:\/\/fsmcv.org\/vl\/wp-json\/wp\/v2\/posts\/10368\/revisions"}],"wp:attachment":[{"href":"https:\/\/fsmcv.org\/vl\/wp-json\/wp\/v2\/media?parent=10368"}],"wp:term":[{"taxonomy":"category","embeddable":true,"href":"https:\/\/fsmcv.org\/vl\/wp-json\/wp\/v2\/categories?post=10368"},{"taxonomy":"post_tag","embeddable":true,"href":"https:\/\/fsmcv.org\/vl\/wp-json\/wp\/v2\/tags?post=10368"}],"curies":[{"name":"wp","href":"https:\/\/api.w.org\/{rel}","templated":true}]}}