{"id":10412,"date":"2018-10-19T12:54:22","date_gmt":"2018-10-19T10:54:22","guid":{"rendered":"https:\/\/fsmcv.org\/?post_type=fsmcv-noticias&#038;p=10412"},"modified":"2021-09-30T10:43:08","modified_gmt":"2021-09-30T08:43:08","slug":"xvi-festival-concurso-internacional-bandas-musica-lleida-2019","status":"publish","type":"post","link":"https:\/\/fsmcv.org\/vl\/certamens\/xvi-festival-concurso-internacional-bandas-musica-lleida-2019\/","title":{"rendered":"XVI Festival i Concurs Internacional de Bandes de M\u00fasica de Lleida 2019"},"content":{"rendered":"<p>La Banda Municipal de Lleida organitza un any m\u00e9s el Festival i Concurs Internacional de Bandes de M\u00fasica de Lleida que tindr\u00e0 lloc en aquesta ciutat del 4 al 7 de juliol de 2019.<\/p>\n<p>El Fem Banda 2019 comptar\u00e0 amb un concurs de Bandes Simf\u00f2niques en el marc de l&#8217;Auditori Enric Granados. De la mateixa forma, la resta de Bandes de M\u00fasica que no opten per participar al Concurs, tamb\u00e9 tindran el seu propi espai en el marc del Festival, on totes les bandes podran participar lliurement i oferir concerts i desfilades p\u00fabliques.<\/p>\n<p>Poden consultar les bases del Festival i del Concurs a la web <a href=\"http:\/\/www.fembanda.com\" target=\"_blank\" rel=\"noopener noreferrer\">www.fembanda.com<\/a><\/p>\n<p><strong>La data l\u00edmit d&#8217;inscripci\u00f3n \u00e9s el dia 15 de gener de 2019.<\/strong><\/p>\n","protected":false},"excerpt":{"rendered":"<p>La Banda Municipal de Lleida organitza un any m\u00e9s el Festival i Concurs Internacional de Bandes de M\u00fasica de Lleida que tindr\u00e0 lloc en aquesta ciutat del 4 al 7 de juliol de 2019. La data l\u00edmit d&#8217;inscripci\u00f3n \u00e9s el dia 15 de gener de 2019.<\/p>\n","protected":false},"author":2,"featured_media":0,"comment_status":"closed","ping_status":"closed","sticky":false,"template":"","format":"standard","meta":{"footnotes":""},"categories":[234],"tags":[],"class_list":["post-10412","post","type-post","status-publish","format-standard","hentry","category-certamens"],"_links":{"self":[{"href":"https:\/\/fsmcv.org\/vl\/wp-json\/wp\/v2\/posts\/10412","targetHints":{"allow":["GET"]}}],"collection":[{"href":"https:\/\/fsmcv.org\/vl\/wp-json\/wp\/v2\/posts"}],"about":[{"href":"https:\/\/fsmcv.org\/vl\/wp-json\/wp\/v2\/types\/post"}],"author":[{"embeddable":true,"href":"https:\/\/fsmcv.org\/vl\/wp-json\/wp\/v2\/users\/2"}],"replies":[{"embeddable":true,"href":"https:\/\/fsmcv.org\/vl\/wp-json\/wp\/v2\/comments?post=10412"}],"version-history":[{"count":0,"href":"https:\/\/fsmcv.org\/vl\/wp-json\/wp\/v2\/posts\/10412\/revisions"}],"wp:attachment":[{"href":"https:\/\/fsmcv.org\/vl\/wp-json\/wp\/v2\/media?parent=10412"}],"wp:term":[{"taxonomy":"category","embeddable":true,"href":"https:\/\/fsmcv.org\/vl\/wp-json\/wp\/v2\/categories?post=10412"},{"taxonomy":"post_tag","embeddable":true,"href":"https:\/\/fsmcv.org\/vl\/wp-json\/wp\/v2\/tags?post=10412"}],"curies":[{"name":"wp","href":"https:\/\/api.w.org\/{rel}","templated":true}]}}