{"id":10420,"date":"2018-10-22T09:17:31","date_gmt":"2018-10-22T07:17:31","guid":{"rendered":"https:\/\/fsmcv.org\/?post_type=fsmcv-noticias&#038;p=10420"},"modified":"2021-09-30T10:43:24","modified_gmt":"2021-09-30T08:43:24","slug":"nova-alcoi-ateneu-cocentaina-iii-festival-bandes-joves-fira-tots-sants","status":"publish","type":"post","link":"https:\/\/fsmcv.org\/vl\/certamens\/nova-alcoi-ateneu-cocentaina-iii-festival-bandes-joves-fira-tots-sants\/","title":{"rendered":"Les Bandes Joves de la Nova d&#8217;Alcoi i l&#8217;Ateneu de Cocentaina seran les protagonistes del III Festival de Bandes Joves Fira de Tots Sants"},"content":{"rendered":"<p>La Banda Jove de la Societat Ateneu Musical de Cocentaina celebrar\u00e0 el proper dissabte, dia 27 d\u2019octubre de 2018 a les 18.30h al Centre Cultural El Teular la III Edici\u00f3 del Festival de Bandes Joves Fira de Tots Sants. Com cada any, el festival musical compta amb una banda jove convidada i aquest any ser\u00e0 la Banda Jove de la Societat Musical Nova d\u2019Alcoi. El p\u00fablic assistent podr\u00e0 gaudir de la millor m\u00fasica feta pels m\u00e9s menuts amb un programa molt treballat amb bandes sonores i m\u00fasica festera.<\/p>\n<p>L\u2019encarregada d\u2019encetar el concert ser\u00e0 la formaci\u00f3 musical alcoiana amb el seu director al capdavant, Jes\u00fas Fuertes Garc\u00eda. Comen\u00e7aran interpretant el pasdoble <em>Alma Espa\u00f1ola<\/em> del compositor Camilo P\u00e9rez Laporta, seguidament podr\u00e0 escoltar-se la pe\u00e7a <em>Caveman<\/em> del compositor valenci\u00e0 Xavier Zamorano i la marxa mora <em>Rahtsi<\/em> d\u2019Enrique R\u00f3denas, m\u00fasic de la Nova d\u2019Alcoi. Acabaran la seua actuaci\u00f3 amb l\u2019obra <em>Day and night<\/em> de Xavier Zamorano tamb\u00e9 i la pe\u00e7a <em>Disney film favorite<\/em> amb arranjaments de Johnnie Vinson que ens faran recordar les pel\u00b7l\u00edcules m\u00e9s famoses de Disney.<\/p>\n<p>En la segona part ser\u00e0 el torn de la Banda Jove de la Societat Ateneu Musical de Cocentaina baix la batuta del seu director Joan Soler Sell\u00e9s. Comen\u00e7aran fent sonar el pasoble <em>Luis S\u00e1ez<\/em> del mestre contest\u00e0 Jos\u00e9 Insa Martinez. Tot seguit interpretaran <em>El Ciclo de la vida<\/em> de la famosa pel\u00b7l\u00edcula de Disney \u201cEl Rey Le\u00f3n\u201d i tamb\u00e9 la banda sonora del film \u201cJurassic Park\u201d. Per finalitzar, el concert tancar\u00e0 amb les notes de l\u2019obra <em>A Medieval Suite<\/em> del compositor Andr\u00e9 Waignein que ens traslladar\u00e0 a l\u2019\u00e8poca medieval.<\/p>\n<p>Aquest concert ser\u00e0 el segon que la banda jove de l\u2019Ateneu fa en poc temps ja que el passat 30 de setembre tamb\u00e9 va participar en el Concert A2BANDES juntament amb la banda jove de la Nova d\u2019Alcoi a l\u2019emblem\u00e0tic Sal\u00f3n Rotonda de \u201cEl C\u00edrculo Industrial\u201d d\u2019Alcoi. Un concert emmarcat en la campanya \u201cAl voltant de la m\u00fasica, l\u2019esperit d\u2019un poble. 600 anys. Tots a una veu\u201d per celebrar el 600 aniversari de la Generalitat Valenciana.<\/p>\n<p>Amb aquest Festival de Bandes Joves Fira de Tots Sants es tancarien els concerts d\u2019intercanvi que ambdues bandes joves, la de la Societat Musical Nova d\u2019Alcoi i la de l\u2019Ateneu Musical de Cocentaina, han realitzat i que tan benefici\u00f3s ha resultat per als m\u00fasics que estan formant-se. Els m\u00e9s joves de les formacions musicals han pogut gaudir i enriquir-se de noves experi\u00e8ncies aix\u00ed com de l\u2019oportunitat de poder tocar en distints llocs, fer amics i cr\u00e9ixer musical i personalment fent m\u00fasica.<\/p>\n<h3>M\u00e9s concerts<\/h3>\n<p>La banda jove de l\u2019Ateneu Musical de Cocentaina tamb\u00e9 prepara els actes de Santa Cec\u00edlia que amb tanta il\u00b7lusi\u00f3 esperen tots i cadascun dels m\u00fasics i \u00e9s que la banda jove oferir\u00e0 un concert, juntament amb l\u2019Ateneu Musical, en honor a Santa Cec\u00edlia, patrona dels m\u00fasics.<\/p>\n<p>Aquesta cita musical, dins dels actes de la festivitat a la patrona, tindr\u00e0 lloc el dia 24 de novembre al Centre Cultural El Teular i ser\u00e0 un esdeveniment molt important ja que, ambdues formacions presentaran els nous membres que passaran a formar part de la fam\u00edlia de l\u2019Ateneu.<\/p>\n","protected":false},"excerpt":{"rendered":"<p>La cita musical tindr\u00e0 lloc al Centre Cultural El Teular el dia 27 d\u2019octubre i es podr\u00e0 escoltar m\u00fasica de bandes sonores i m\u00fasica festera entre d\u2019altres.<\/p>\n","protected":false},"author":2,"featured_media":0,"comment_status":"closed","ping_status":"closed","sticky":false,"template":"","format":"standard","meta":{"footnotes":""},"categories":[234],"tags":[],"class_list":["post-10420","post","type-post","status-publish","format-standard","hentry","category-certamens"],"_links":{"self":[{"href":"https:\/\/fsmcv.org\/vl\/wp-json\/wp\/v2\/posts\/10420","targetHints":{"allow":["GET"]}}],"collection":[{"href":"https:\/\/fsmcv.org\/vl\/wp-json\/wp\/v2\/posts"}],"about":[{"href":"https:\/\/fsmcv.org\/vl\/wp-json\/wp\/v2\/types\/post"}],"author":[{"embeddable":true,"href":"https:\/\/fsmcv.org\/vl\/wp-json\/wp\/v2\/users\/2"}],"replies":[{"embeddable":true,"href":"https:\/\/fsmcv.org\/vl\/wp-json\/wp\/v2\/comments?post=10420"}],"version-history":[{"count":0,"href":"https:\/\/fsmcv.org\/vl\/wp-json\/wp\/v2\/posts\/10420\/revisions"}],"wp:attachment":[{"href":"https:\/\/fsmcv.org\/vl\/wp-json\/wp\/v2\/media?parent=10420"}],"wp:term":[{"taxonomy":"category","embeddable":true,"href":"https:\/\/fsmcv.org\/vl\/wp-json\/wp\/v2\/categories?post=10420"},{"taxonomy":"post_tag","embeddable":true,"href":"https:\/\/fsmcv.org\/vl\/wp-json\/wp\/v2\/tags?post=10420"}],"curies":[{"name":"wp","href":"https:\/\/api.w.org\/{rel}","templated":true}]}}