{"id":10576,"date":"2018-11-07T11:20:00","date_gmt":"2018-11-07T10:20:00","guid":{"rendered":"https:\/\/fsmcv.org\/?post_type=fsmcv-noticias&#038;p=10576"},"modified":"2021-09-30T10:51:43","modified_gmt":"2021-09-30T08:51:43","slug":"disponible-princesas-desconocidas-guanyadora-del-iii-concurs-de-composicio-de-la-provincia-dalacant-per-a-banda-de-musica-amb-finalitats-pedagogiques","status":"publish","type":"post","link":"https:\/\/fsmcv.org\/vl\/certamens\/disponible-princesas-desconocidas-guanyadora-del-iii-concurs-de-composicio-de-la-provincia-dalacant-per-a-banda-de-musica-amb-finalitats-pedagogiques\/","title":{"rendered":"Disponible &#8220;Princesas desconocidas&#8221;, guanyadora del III Concurs de Composici\u00f3 de la prov\u00edncia d&#8217;Alacant per a Banda de M\u00fasica amb finalitats pedag\u00f2giques"},"content":{"rendered":"<p>Ja es troba disponible per a descarrega l&#8217;obra premiada en la III edici\u00f3 del Concurs de Composici\u00f3 de la prov\u00edncia d&#8217;Alacant per a Banda de M\u00fasica amb finalitats pedag\u00f2giques, <em>Princesas desconocidas<\/em> de Jos\u00e9 Luis Gonz\u00e1lez Sanchis, professor de percussi\u00f3 de l&#8217;Orquestra Simf\u00f2nica i Cor de RTVE, i Premi Euterpe de la M\u00fasica de la FSMCV.<\/p>\n<p>Aquest concurs est\u00e0 organitzat per la Federaci\u00f3 de Societats Musicals de la Comunitat Valenciana i la Diputaci\u00f3 d&#8217;Alacant.<\/p>\n<p>La pe\u00e7a va estar seleccionada com a guanyadora d\u2019entre les 6 propostes presentades en la III edici\u00f3 del concurs i fou premiada amb 4.000 euros.<\/p>\n<p>Aquesta obra ja est\u00e0 disponible per a totes les Societats Musicals federades en la plataforma de gesti\u00f3, concretament en l&#8217;apartat de &#8220;Desc\u00e0rregues&#8221;.<\/p>\n<h3>Sobre Jos\u00e9 Luis Gonz\u00e1lez<\/h3>\n<p>Jos\u00e9 Luis Gonz\u00e1lez \u00e9s nascut a Rafelguaraf (Val\u00e8ncia) i comen\u00e7\u00e0 la seua relaci\u00f3 amb el m\u00f3n de la m\u00fasica molt prompte de la m\u00e0 dels seus pares, que des de que era menut el portaven a veure els assajos de la banda. Posteriorment comen\u00e7\u00e0 la seua formaci\u00f3 en l\u2019Escola de M\u00fasica de la Societat Ateneu Musical de Rafelguaraf. Estudi\u00e0 als conservatoris Mestre Vert de Carcaixent i \u00d3scar Espl\u00e0 d\u2019Alacant, on acab\u00e0 els estudis superior de percussi\u00f3 amb Matr\u00edcula d\u2019Honor, Premi Extraordinari final de carrera i Premi Euterpe de la m\u00fasica. A m\u00e9s, va culminar la seua formaci\u00f3 acad\u00e8mica en el centre de percussi\u00f3 Madrid Okho.<\/p>\n<p>En novembre de 2007 entr\u00e0 a formar part de l\u2019Orquestra Simf\u00f2nica i Cor de RTVE com a professor titular de percussi\u00f3. En abril de 2013 s\u2019estren\u00e0 la versi\u00f3 per a banda del <em>Concert per a marimba<\/em> de Ram\u00f3n Garc\u00eda Soler sota la direcci\u00f3 de Jos\u00e9 R. Pascual Vilaplana i l\u2019Orquestra de vent Filarmon\u00eda.<\/p>\n<p>Madrid Okho d\u00fao va oferir-li la possibilitat d\u2019investigar i aprofundir amb la percussi\u00f3 defensant projectes com el voluntariat amb\u00a0\u201cSaniclown\u201d, \u201cModernidad, m\u00e9todo i mente\u201d, \u201cM\u00fasica no escrita: el poder de la improvisaci\u00f3n\u201d, \u201cTalkingdrum\u201d,\u00a0\u201cEspa\u00f1a nuestra m\u00fasica\u201d, <em>La era de los Materiales<\/em> (interpretada amb l&#8217;ORTVE), i \u201cOrigen\u201d.<\/p>\n<p>Actualment, Jos\u00e9 Luis Gonz\u00e1lez compagina la seua tasca interpretativa amb la pedag\u00f2gica impartint classes en l\u2019acad\u00e8mia Madrid Okho Centro de Percusi\u00f3n i participant en diferents cursos de formaci\u00f3 i especialitzaci\u00f3 de futurs m\u00fasics.<\/p>\n<p><em>Concurs organitzat per la Diputaci\u00f3 d&#8217;Alacant.<\/em><\/p>\n<p><img fetchpriority=\"high\" decoding=\"async\" class=\"aligncenter size-full wp-image-10593\" src=\"https:\/\/fsmcv.org\/BTnet-storage\/wp-uploads\/2018\/10\/logo-diputacion-alicante-2018.jpg\" alt=\"\" width=\"630\" height=\"320\" title=\"\"><\/p>\n","protected":false},"excerpt":{"rendered":"<p>Aquesta obra ja est\u00e0 disponible per a totes les Societats Musicals federades en la plataforma de gesti\u00f3, concretament en l&#8217;apartat de &#8220;Desc\u00e0rregues&#8221;.<\/p>\n","protected":false},"author":2,"featured_media":0,"comment_status":"closed","ping_status":"closed","sticky":false,"template":"","format":"standard","meta":{"footnotes":""},"categories":[234],"tags":[],"class_list":["post-10576","post","type-post","status-publish","format-standard","hentry","category-certamens"],"_links":{"self":[{"href":"https:\/\/fsmcv.org\/vl\/wp-json\/wp\/v2\/posts\/10576","targetHints":{"allow":["GET"]}}],"collection":[{"href":"https:\/\/fsmcv.org\/vl\/wp-json\/wp\/v2\/posts"}],"about":[{"href":"https:\/\/fsmcv.org\/vl\/wp-json\/wp\/v2\/types\/post"}],"author":[{"embeddable":true,"href":"https:\/\/fsmcv.org\/vl\/wp-json\/wp\/v2\/users\/2"}],"replies":[{"embeddable":true,"href":"https:\/\/fsmcv.org\/vl\/wp-json\/wp\/v2\/comments?post=10576"}],"version-history":[{"count":0,"href":"https:\/\/fsmcv.org\/vl\/wp-json\/wp\/v2\/posts\/10576\/revisions"}],"wp:attachment":[{"href":"https:\/\/fsmcv.org\/vl\/wp-json\/wp\/v2\/media?parent=10576"}],"wp:term":[{"taxonomy":"category","embeddable":true,"href":"https:\/\/fsmcv.org\/vl\/wp-json\/wp\/v2\/categories?post=10576"},{"taxonomy":"post_tag","embeddable":true,"href":"https:\/\/fsmcv.org\/vl\/wp-json\/wp\/v2\/tags?post=10576"}],"curies":[{"name":"wp","href":"https:\/\/api.w.org\/{rel}","templated":true}]}}