{"id":10642,"date":"2018-11-09T11:10:19","date_gmt":"2018-11-09T10:10:19","guid":{"rendered":"https:\/\/fsmcv.org\/?post_type=fsmcv-noticias&#038;p=10642"},"modified":"2020-09-27T18:20:11","modified_gmt":"2020-09-27T18:20:11","slug":"fsmcv-universitat-valencia-colaboraran-impulsar-empleabilidad-musicos","status":"publish","type":"post","link":"https:\/\/fsmcv.org\/vl\/certamens\/fsmcv-universitat-valencia-colaboraran-impulsar-empleabilidad-musicos\/","title":{"rendered":"La FSMCV i la Universitat de Val\u00e8ncia col\u00b7laboraran per impulsar l&#8217;ocupabilitat dels m\u00fasics"},"content":{"rendered":"<p>La Federaci\u00f3 de Societats Musicals de la Comunitat Valenciana (FSMCV) i la Universitat de Val\u00e8ncia col\u00b7laboraran per fomentar l&#8217;ocupabilitat dels m\u00fasics de la Comunitat Valenciana.<\/p>\n<p>Aix\u00ed ho han comunicat hui, en el marc de la Fira valenciana de la m\u00fasica Trovam que se celebra a Castell\u00f3, el president de la FSMCV, Pedro Rodr\u00edguez, i el professor titular d&#8217;Economia Aplicada i Director d&#8217;Estrat\u00e8gies en Turisme i Oci de la Universitat de Val\u00e8ncia, Jos\u00e9 Mar\u00eda N\u00e1cher. Aquest ser\u00e0 el responsable de liderar un treball d&#8217;investigaci\u00f3 sobre la possibilitat de fer de la m\u00fasica part rellevant d&#8217;un nou model productiu m\u00e9s orientat cap a les ind\u00fastries creatives i culturals.<\/p>\n<p>Des de la FSMCV s&#8217;ha destacat que mentre les Societats Musicals aporten valor a la societat i contribueixen anualment amb 40 milions d&#8217;euros al PIB de la Comunitat, els m\u00fasics professionals pateixen actualment una situaci\u00f3 de precarietat laboral i \u00e9s necessari solucionar-ho.<\/p>\n<p>La realitat professional dels m\u00fasics de les tres prov\u00edncies reflecteix que la Comunitat Valenciana \u00e9s la principal \u201cexportadora\u201d de m\u00fasics professionals, un percentatge molt baix pot viure de la m\u00fasica i a\u00e7\u00f2 genera una important fugida de talents.<\/p>\n<p>\u201c<em>S\u00f3n molts els m\u00fasics que generem any rere any, que finalitzen les seues carreres i estudis professionals i les eixides habituals de professorat i interpretaci\u00f3 estan cada vegada m\u00e9s limitades. En aquest context, \u00e9s necessari obrir la mirada, per a detectar tots aquells llocs on els m\u00fasics poden ser necessaris i on poden ocupar llocs de treball<\/em>\u201d, ha destacat Pedro Rodr\u00edguez.<\/p>\n<p><iframe src=\"https:\/\/w.soundcloud.com\/player\/?url=https%3A\/\/api.soundcloud.com\/tracks\/527084358&amp;color=%23c42628&amp;auto_play=false&amp;hide_related=false&amp;show_comments=true&amp;show_user=true&amp;show_reposts=false&amp;show_teaser=true\" width=\"100%\" height=\"166\" frameborder=\"no\" scrolling=\"no\"><\/iframe><\/p>\n<p>\u201c<em>L&#8217;ocupabilitat dels m\u00fasics \u00e9s un dels principals objectius de la FSMCV per als pr\u00f2xims anys i aix\u00ed es va presentar en la 50\u00e9na Assemblea General celebrada en el Palau de Congressos de Val\u00e8ncia el passat 6 d&#8217;octubre. De fet, \u00e9s un dels 8 reptes que la nova junta directiva de la Federaci\u00f3 es va plantejar aconseguir en la present legislatura. Despr\u00e9s de la signatura d&#8217;aquest conveni, es preveu tindre ja els primers resultats a la fi del present curs lectiu<\/em>\u201d, ha continuat Pedro Rodr\u00edguez.<\/p>\n<p><iframe src=\"https:\/\/w.soundcloud.com\/player\/?url=https%3A\/\/api.soundcloud.com\/tracks\/527084349&amp;color=%23c42628&amp;auto_play=false&amp;hide_related=false&amp;show_comments=true&amp;show_user=true&amp;show_reposts=false&amp;show_teaser=true\" width=\"100%\" height=\"166\" frameborder=\"no\" scrolling=\"no\"><\/iframe><\/p>\n<p>A m\u00e9s, ha explicat que el paper de la FSMCV \u00e9s fonamental per aprofitar el potencial dels nostres m\u00fasics i donar-li una dimensi\u00f3 laboral i professional a la m\u00fasica. \u00c9s el moment de contemplar la m\u00fasica com a jaciment d&#8217;ocupaci\u00f3, emprenedors i de noves empreses.<\/p>\n<p>Per a a\u00e7\u00f2, l&#8217;estudi de la Universitat de Val\u00e8ncia ser\u00e0 clau ja que definir\u00e0 el paper que ha de desenvolupar la FSMCV i quines accions de formaci\u00f3, informaci\u00f3 o contractaci\u00f3, per exemple, \u00e9s necessari dur a terme perqu\u00e8 a\u00e7\u00f2 siga una realitat.<\/p>\n<p>\u201c<em>En la Universitat de Val\u00e8ncia portem una d\u00e8cada treballant en la dinamitzaci\u00f3 i en la formaci\u00f3 empresarial en l&#8217;\u00e0mbit de la m\u00fasica. Amb una perspectiva econ\u00f2mic-empresarial, la m\u00fasica \u00e9s en la Uni\u00f3 Europea un jaciment clar d&#8217;ocupaci\u00f3 de noves empreses i emprenedoria. En aquest moment, sembla que la societat espanyola ja est\u00e0 prou madura com per a entendre aquest missatge. I des de la Universitat de Val\u00e8ncia no podem ignorar el fet que la FSMCV \u00e9s un dels actors soci-culturals m\u00e9s importants de la Uni\u00f3 Europea per la seua magnitud en termes absoluts i tamb\u00e9 en termes relatius<\/em>\u201d, ha afirmat Jos\u00e9 Mar\u00eda N\u00e1cher.<\/p>\n<p>\u201c<em>En el m\u00f3n de la m\u00fasica existeixen moltes possibilitats que anem a explorar i a concretar entorn d&#8217;una s\u00e8rie d&#8217;estrat\u00e8gies que desenvoluparem conjuntament amb la FSMCV i amb tots els actors p\u00fablics i privats que ho estimen oport\u00fa amb l&#8217;objectiu de generar ocupaci\u00f3, noves iniciatives i buscar aquells buits de mercat que en aquests moments puguen ser rellevants a nivell internacional, nacional i a la Comunitat Valenciana<\/em>\u201d, ha explicat N\u00e1cher.<\/p>\n<p><iframe src=\"https:\/\/w.soundcloud.com\/player\/?url=https%3A\/\/api.soundcloud.com\/tracks\/527084328&amp;color=%23c42628&amp;auto_play=false&amp;hide_related=false&amp;show_comments=true&amp;show_user=true&amp;show_reposts=false&amp;show_teaser=true\" width=\"100%\" height=\"166\" frameborder=\"no\" scrolling=\"no\"><\/iframe><\/p>\n<p>El conveni de col\u00b7laboraci\u00f3 amb la Universitat de Val\u00e8ncia es concretar\u00e0 en diverses l\u00ednies i programes espec\u00edfics emmarcats en els \u00e0mbits de la formaci\u00f3 i la sensibilitzaci\u00f3, d&#8217;una banda, i en la producci\u00f3, per un altre. Aquesta \u00faltima estar\u00e0 destinada a la connexi\u00f3 amb nous p\u00fablics i a la generaci\u00f3 de noves ocupacions i fonts d&#8217;ingressos.<\/p>\n","protected":false},"excerpt":{"rendered":"<p>Aix\u00ed ho han comunicat hui el president de la FSMCV, Pedro Rodr\u00edguez, i el professor titular d&#8217;Economia Aplicada i Director d&#8217;Estrat\u00e8gies en Turisme i Oci de la Universitat de Val\u00e8ncia, Jos\u00e9 Mar\u00eda N\u00e1cher. L&#8217;objectiu \u00e9s realitzar una investigaci\u00f3 per a estudiar la possibilitat de fer de la m\u00fasica un ingredient important d&#8217;un nou model productiu valenci\u00e0.<\/p>\n","protected":false},"author":2,"featured_media":0,"comment_status":"closed","ping_status":"closed","sticky":false,"template":"","format":"standard","meta":{"footnotes":""},"categories":[],"tags":[],"class_list":["post-10642","post","type-post","status-publish","format-standard","hentry"],"_links":{"self":[{"href":"https:\/\/fsmcv.org\/vl\/wp-json\/wp\/v2\/posts\/10642","targetHints":{"allow":["GET"]}}],"collection":[{"href":"https:\/\/fsmcv.org\/vl\/wp-json\/wp\/v2\/posts"}],"about":[{"href":"https:\/\/fsmcv.org\/vl\/wp-json\/wp\/v2\/types\/post"}],"author":[{"embeddable":true,"href":"https:\/\/fsmcv.org\/vl\/wp-json\/wp\/v2\/users\/2"}],"replies":[{"embeddable":true,"href":"https:\/\/fsmcv.org\/vl\/wp-json\/wp\/v2\/comments?post=10642"}],"version-history":[{"count":0,"href":"https:\/\/fsmcv.org\/vl\/wp-json\/wp\/v2\/posts\/10642\/revisions"}],"wp:attachment":[{"href":"https:\/\/fsmcv.org\/vl\/wp-json\/wp\/v2\/media?parent=10642"}],"wp:term":[{"taxonomy":"category","embeddable":true,"href":"https:\/\/fsmcv.org\/vl\/wp-json\/wp\/v2\/categories?post=10642"},{"taxonomy":"post_tag","embeddable":true,"href":"https:\/\/fsmcv.org\/vl\/wp-json\/wp\/v2\/tags?post=10642"}],"curies":[{"name":"wp","href":"https:\/\/api.w.org\/{rel}","templated":true}]}}