{"id":10724,"date":"2018-11-21T13:06:45","date_gmt":"2018-11-21T12:06:45","guid":{"rendered":"https:\/\/fsmcv.org\/?post_type=fsmcv-noticias&#038;p=10724"},"modified":"2021-09-30T10:53:19","modified_gmt":"2021-09-30T08:53:19","slug":"la-union-musical-de-villar-del-arzobispo-dona-la-benvinguda-a-sis-nous-musics-en-el-concert-extraordinari-de-santa-cecilia","status":"publish","type":"post","link":"https:\/\/fsmcv.org\/vl\/certamens\/la-union-musical-de-villar-del-arzobispo-dona-la-benvinguda-a-sis-nous-musics-en-el-concert-extraordinari-de-santa-cecilia\/","title":{"rendered":"La Uni\u00f3n Musical de Villar del Arzobispo d\u00f3na la benvinguda a sis nous m\u00fasics en el Concert Extraordinari de Santa Cec\u00edlia"},"content":{"rendered":"<p>El pr\u00f2xim dissabte 24 de novembre, la banda simf\u00f2nica de la Uni\u00f3n Musical Santa Cecilia (UMSC) de Villar del Arzobispo (Val\u00e8ncia) celebrar\u00e0 el tradicional concert en honor a Santa Cec\u00edlia, patrona de la m\u00fasica. Un concert extraordinari en el qual faran la seua entrada oficial en l&#8217;agrupaci\u00f3 sis nous m\u00fasics. Es tracta de Dar\u00edo Mart\u00edn Oviedo (trompeta), In\u00e9s G\u00e1lvez Gil (tromb\u00f3), Mar Bori Ales (clarinet), Vicente Arc\u00f3n Umbert (clarinet), Mar\u00eda Pe\u00f1alver P\u00e9rez (fagot) i Mar\u00eda Valero Rodr\u00edguez (flauta).<\/p>\n<p>Abans de comen\u00e7ar l&#8217;acte, cadascun d&#8217;ells rebr\u00e0 de m\u00e0 de companys, professors o familiars l&#8217;instrument amb el qual debutaran com a membres de la banda simf\u00f2nica, en una nit molt especial que estar\u00e0 marcada per una gran assist\u00e8ncia de p\u00fablic, com \u00e9s habitual en aquest concert de Santa Cec\u00edlia.<\/p>\n<p>Sota la direcci\u00f3 del mestre titular de la banda, Luis Serrano Alarc\u00f3n, la vetlada musical comen\u00e7ar\u00e0 amb la interpretaci\u00f3 del preludi de <em>La Revoltosa<\/em>, de Ruperto Chap\u00ed, un dels t\u00edtols m\u00e9s representatius del g\u00e8nere de la sarsuela. A continuaci\u00f3 l&#8217;agrupaci\u00f3 interpretar\u00e0 per primera vegada <em>T-Bone Concerto<\/em>, la primera creaci\u00f3 per a solista i banda del compositor holand\u00e9s Johan de Meij. Aquest concert per a tromb\u00f3 va ser estrenat pel franc\u00e8s Jacques Mauger i la Banda del Real Cos de Marines dels Pa\u00efsos Baixos, dirigida pel compositor Maurice Hamers, en la Concertgebouw d&#8217;\u00c0msterdam. En aquesta ocasi\u00f3 el solista ser\u00e0 el m\u00fasic de Villar Lucas G\u00f3mez, que ha finalitzat el Master d&#8217;Interpretaci\u00f3 de Tromb\u00f3 en el Conservatori de Maastricht (Holanda) amb el professor Bart Cleassens.<\/p>\n<p>La segona part del concert estar\u00e0 integrada per una \u00fanica obra: <em>Cuadros de una exposici\u00f3n<\/em>, del compositor rus Modest Mussorgsky, amb la qual va voler homenatjar al seu amic el dibuixant, arquitecte i dissenyador V\u00edktor Hartmann, la mort sobtada del qual, als 39 anys, li va produir molt de dolor. L&#8217;autor il\u00b7lustra amb el piano deu dels quadres exposats, actualment desapareguts quasi \u00edntegrament. L&#8217;arranjament m\u00e9s interpretat \u00e9s el de Maurice Ravel (1922), utilitzat pel belga Jos\u00e9 Schyns en la reinstrumentaci\u00f3 que escoltarem en el concert de la banda de Villar.<\/p>\n<p>La interpretaci\u00f3 d&#8217;aquesta obra per part de la nostra banda ha propiciat una col\u00b7laboraci\u00f3 amb els alumnes de prim\u00e0ria del Col\u00b7legi P\u00fablic Fabi\u00e1n i Fuero que, de la m\u00e0 del professor de m\u00fasica Daniel Mart\u00ednez Babiloni i la professora de pl\u00e0stica Primitiva Murgui Mart\u00ednez, han preparat uns dibuixos que representen els quadres esmentats, i que estaran exposats durant el concert en la seu de la Uni\u00f3n Musical.<\/p>\n<p>La celebraci\u00f3 de Santa Cec\u00edlia continuar\u00e0 el diumenge amb la tradicional cercavila i la missa a la patrona, a la qual seguir\u00e0 un vi d&#8217;honor i un dinar de germanor.<\/p>\n<h3>Tardor Musical 2018<\/h3>\n<p>El concert de Santa Cec\u00edlia s&#8217;inscriu en el cicle Tardor Musical que la UMSC celebra des del passat 21 d&#8217;octubre i que conclour\u00e0 el dissabte 22 de desembre amb el concert de Nadal a c\u00e0rrec de la banda juvenil. Durant aquesta edici\u00f3 han tingut lloc un Passeig Musical, l&#8217;actuaci\u00f3 del quintet de vent de la Lira Ampostina i concerts de m\u00fasica de cambra, solistes de la banda de Villar i pianistes del cicle Amadeus.<\/p>\n","protected":false},"excerpt":{"rendered":"<p>Se celebrar\u00e0 el pr\u00f2xim dissabte 24 de novembre a les 22:30 hores en el sal\u00f3 de concerts de la societat. El diumenge 25 l&#8217;entitat celebrar\u00e0 la festivitat de Santa Cec\u00edlia amb una cercavila, missa, vi d&#8217;honor i menjar de germanor.<\/p>\n","protected":false},"author":2,"featured_media":0,"comment_status":"closed","ping_status":"closed","sticky":false,"template":"","format":"standard","meta":{"footnotes":""},"categories":[234],"tags":[],"class_list":["post-10724","post","type-post","status-publish","format-standard","hentry","category-certamens"],"_links":{"self":[{"href":"https:\/\/fsmcv.org\/vl\/wp-json\/wp\/v2\/posts\/10724","targetHints":{"allow":["GET"]}}],"collection":[{"href":"https:\/\/fsmcv.org\/vl\/wp-json\/wp\/v2\/posts"}],"about":[{"href":"https:\/\/fsmcv.org\/vl\/wp-json\/wp\/v2\/types\/post"}],"author":[{"embeddable":true,"href":"https:\/\/fsmcv.org\/vl\/wp-json\/wp\/v2\/users\/2"}],"replies":[{"embeddable":true,"href":"https:\/\/fsmcv.org\/vl\/wp-json\/wp\/v2\/comments?post=10724"}],"version-history":[{"count":0,"href":"https:\/\/fsmcv.org\/vl\/wp-json\/wp\/v2\/posts\/10724\/revisions"}],"wp:attachment":[{"href":"https:\/\/fsmcv.org\/vl\/wp-json\/wp\/v2\/media?parent=10724"}],"wp:term":[{"taxonomy":"category","embeddable":true,"href":"https:\/\/fsmcv.org\/vl\/wp-json\/wp\/v2\/categories?post=10724"},{"taxonomy":"post_tag","embeddable":true,"href":"https:\/\/fsmcv.org\/vl\/wp-json\/wp\/v2\/tags?post=10724"}],"curies":[{"name":"wp","href":"https:\/\/api.w.org\/{rel}","templated":true}]}}