{"id":10813,"date":"2018-11-29T12:06:07","date_gmt":"2018-11-29T11:06:07","guid":{"rendered":"https:\/\/fsmcv.org\/?post_type=fsmcv-noticias&#038;p=10813"},"modified":"2021-04-07T19:48:38","modified_gmt":"2021-04-07T17:48:38","slug":"emotiu-comiat-concert-santa-cecilia-paco-sanchez-roca-director-primitiva-setabense","status":"publish","type":"post","link":"https:\/\/fsmcv.org\/vl\/societats-musicals\/emotiu-comiat-concert-santa-cecilia-paco-sanchez-roca-director-primitiva-setabense\/","title":{"rendered":"Emotiu comiat en el concert de Santa Cec\u00edlia a Paco S\u00e1nchez Roca com a director de la Primitiva Setabense"},"content":{"rendered":"<p><b>Paco S\u00e1nchez Roca<\/b> d\u00f3na per finalitzada la seua etapa com a Director Titular de la Primitiva Setabense de X\u00e0tiva, \u201cla M\u00fasica Vella\u201d, oferint el passat dissabte, 24 de novembre, un extraordinari Concert de Santa Cec\u00edlia, on la Banda va ratllar, una vegada m\u00e9s, un alt\u00edssim nivell interpretatiu.<\/p>\n<p>Va ser un acte molt emotiu on els dos Director Honoraris de la Societat, <b>Eduardo Cifre Gallego <\/b>i<b> Francisco Jos\u00e9 Perales Ferre<\/b>, li van lliurar d\u2019un detall recordatori per la seua professionalitat i bon fer al capdavant de la Banda Simf\u00f2nica en aquestos darrers anys. Tot el p\u00fablic, que omplia el Teatre de X\u00e0tiva, tamb\u00e9 li ho va recon\u00e8ixer amb efusius i llargs aplaudiments, valorant eix\u00ed la seua excel\u00b7lent tasca com a director.<\/p>\n<p>La seua decisi\u00f3 obeeix a raons personals i\u00a0 de car\u00e0cter voluntari. En paraules del propi director: <i>\u201cTenia molt clar des del principi que la meua estada com a director titular \u201cde la meua Banda\u201d no deuria ser molt llarga, ha estat un somni complit i crec que el treball realitzat ha estat molt positiu. Deixe una gran Banda, amb un nivell i qualitat interpretativa excel\u00b7lent, fruit del treball i dedicaci\u00f3 de tots els m\u00fasics, als que estar\u00e9 immensament agra\u00eft per l\u2019entusiasme en fer m\u00fasica i desitge que la nostra Societat Musical siga capdavantera en qualitat, comprom\u00eds i nivell art\u00edstic. Sempre he cregut, i aix\u00ed ho he fet en quasi trenta anys dirigint, que un director deu eixir d\u2019una societat musical quan est\u00e0 en el seu millor moment, i una vegada m\u00e9s m&#8217;he aplicat eixa filosofia.\u201d<\/i><\/p>\n<p>La primera part del concert va estar a c\u00e0rrec de la Jove Orquestra de la Primitiva, dirigida per Jos\u00e9 Mart\u00ednez Colomina, interpretant dues composicions de Beethoven, l\u2019obertura <em>Coriolano<\/em> i la <em>Primera Simfonia<\/em>.<\/p>\n<p>En la segona part li va correspondre el torn a la Banda Simf\u00f2nica interpretant un pasdoble d\u2019estrena, dedicat al que f\u00f3ra President de la Societat <em>Jos\u00e9 Tormo Camarasa<\/em>, compost per Paco Perales; la <em>Obertura Festiva<\/em> de Shostakovich i una magnifica versi\u00f3 del <em>Capricho Espa\u00f1ol<\/em> de Rimski-Korsakov.<\/p>\n<p>En paraules del seu president, Jaume Vicent Sol\u00eds Salinas: \u00ab<em>desitgem al nostre, ja, exdirector la millor de les sorts en els seus futurs projectes professionals, que de segur els tindr\u00e0, i li agra\u00efm la seua entrega, treball, dedicaci\u00f3, honestedat i professionalitat per \u201cla seua M\u00fasica Vella de X\u00e0tiva<\/em>\u201d.<\/p>\n","protected":false},"excerpt":{"rendered":"<p>Paco S\u00e1nchez Roca d\u00f3na per finalitzada la seua etapa com a Director Titular de la Primitiva Setabense de X\u00e0tiva, \u201cla M\u00fasica Vella\u201d, oferint el passat dissabte, 24 de novembre, un extraordinari Concert de Santa Cec\u00edlia, on la Banda va ratllar, una vegada m\u00e9s, un alt\u00edssim nivell interpretatiu.<\/p>\n","protected":false},"author":2,"featured_media":0,"comment_status":"closed","ping_status":"closed","sticky":false,"template":"","format":"standard","meta":{"footnotes":""},"categories":[56],"tags":[],"class_list":["post-10813","post","type-post","status-publish","format-standard","hentry","category-societats-musicals"],"_links":{"self":[{"href":"https:\/\/fsmcv.org\/vl\/wp-json\/wp\/v2\/posts\/10813","targetHints":{"allow":["GET"]}}],"collection":[{"href":"https:\/\/fsmcv.org\/vl\/wp-json\/wp\/v2\/posts"}],"about":[{"href":"https:\/\/fsmcv.org\/vl\/wp-json\/wp\/v2\/types\/post"}],"author":[{"embeddable":true,"href":"https:\/\/fsmcv.org\/vl\/wp-json\/wp\/v2\/users\/2"}],"replies":[{"embeddable":true,"href":"https:\/\/fsmcv.org\/vl\/wp-json\/wp\/v2\/comments?post=10813"}],"version-history":[{"count":0,"href":"https:\/\/fsmcv.org\/vl\/wp-json\/wp\/v2\/posts\/10813\/revisions"}],"wp:attachment":[{"href":"https:\/\/fsmcv.org\/vl\/wp-json\/wp\/v2\/media?parent=10813"}],"wp:term":[{"taxonomy":"category","embeddable":true,"href":"https:\/\/fsmcv.org\/vl\/wp-json\/wp\/v2\/categories?post=10813"},{"taxonomy":"post_tag","embeddable":true,"href":"https:\/\/fsmcv.org\/vl\/wp-json\/wp\/v2\/tags?post=10813"}],"curies":[{"name":"wp","href":"https:\/\/api.w.org\/{rel}","templated":true}]}}