{"id":10818,"date":"2018-11-29T12:31:31","date_gmt":"2018-11-29T11:31:31","guid":{"rendered":"https:\/\/fsmcv.org\/?post_type=fsmcv-noticias&#038;p=10818"},"modified":"2021-04-07T19:48:31","modified_gmt":"2021-04-07T17:48:31","slug":"banda-amigos-musica-san-antonio-benageber-estrena-obras-ganadoras-concurso-internacional-composicion-musica-joven-asociacion-musica-joven-valencia","status":"publish","type":"post","link":"https:\/\/fsmcv.org\/vl\/societats-musicals\/banda-amigos-musica-san-antonio-benageber-estrena-obras-ganadoras-concurso-internacional-composicion-musica-joven-asociacion-musica-joven-valencia\/","title":{"rendered":"La banda Amics de la M\u00fasica de San Antonio de Benag\u00e9ber estrena les obres guanyadores del Concurs Internacional de Composici\u00f3 M\u00fasica Jove que organitza l&#8217;Associaci\u00f3 M\u00fasica Jove de Val\u00e8ncia"},"content":{"rendered":"<p>El pr\u00f2xim dissabte 1 de desembre a les 19 hores tindr\u00e0 lloc un concert en el sal\u00f3 multiusos de San Antonio de Benag\u00e9ber a c\u00e0rrec de la banda de l&#8217;Associaci\u00f3 Amics de la M\u00fasica en el qual s&#8217;estrenaran les composicions guanyadores de les categories d&#8217;ensemble flexible i banda infantil del Concurs Internacional de Composici\u00f3 M\u00fasica Jove 2018 que des de fa 5 anys organitza l&#8217;Associaci\u00f3 M\u00fasica Jove (AMJ) de Val\u00e8ncia. Sota la direcci\u00f3 d&#8217;Enrique Barrachina, interpretaran obres de Frank Cogollos, Ra\u00fal Dom\u00e9nech, Gonzalo Albiol i Matteo Firmi. El concert s&#8217;emmarca en la campanya commemorativa dels 600 anys de la Generalitat Valenciana.<\/p>\n<p>Aquest \u00e9s el segon concert corresponent a les estrenes de les obres guanyadores del Concurs. El primer va estar a c\u00e0rrec del cor Xiquets Cantors Divisi. Despr\u00e9s del de San Antonio, la pr\u00f2xima cita ser\u00e0 el 14 de desembre en l&#8217;Auditori de Consolat de Mar a Benaguasil on l&#8217;Orquestra de la AMJ dirigida per Amparo Aguado estrenar\u00e0 les composicions premiades en la modalitat d&#8217;orquestra.<\/p>\n<p>Les \u00faltimes obres a estrenar-se corresponen a les categories de banda juvenil i banda est\u00e0ndard i seran interpretades per la banda del CAM de Montcada que dirigeix Ra\u00fal Dom\u00e9nech en el concert que se celebrar\u00e0 el diumenge 16 de desembre en el Centre Cultural Blasco Ib\u00e1\u00f1ez de la localitat.<\/p>\n<p>Enguany al concurs es van presentar un total de 89 obres de 41 compositors (40 homes i 1 dona, procedents de 5 pa\u00efsos: Espanya, Col\u00f2mbia, It\u00e0lia, Equador i Portugal). Com a curiositat, la prov\u00edncia espanyola de la qual procedien m\u00e9s obres va ser Val\u00e8ncia (14), seguida d&#8217;Alacant (5).<\/p>\n<p>En aquesta edici\u00f3 l&#8217;organitzaci\u00f3 va ampliar les categories, de manera que els autors van poder presentar les seues composicions a quatre modalitats i, dins d&#8217;elles, vuit nivells: banda (est\u00e0ndard, juvenil i infantil), orquestra (juvenil i infantil), ensemble flexible i cor (juvenil i infantil).<\/p>\n<p>El jurat d&#8217;aquesta cinquena edici\u00f3 va estar compost pels compositors Ferrer Ferran, Claudia Montero i Mart\u00ednez Gallego.<\/p>\n","protected":false},"excerpt":{"rendered":"<p>El concert se celebrar\u00e0 aquest dissabte 1 de desembre a les 19 hores en el sal\u00f3 multiusos de l&#8217;Ajuntament. Durant el concert es realitzar\u00e0 l&#8217;acte de lliurament de premis als compositors guanyadors.<\/p>\n","protected":false},"author":2,"featured_media":0,"comment_status":"closed","ping_status":"closed","sticky":false,"template":"","format":"standard","meta":{"footnotes":""},"categories":[56],"tags":[],"class_list":["post-10818","post","type-post","status-publish","format-standard","hentry","category-societats-musicals"],"_links":{"self":[{"href":"https:\/\/fsmcv.org\/vl\/wp-json\/wp\/v2\/posts\/10818","targetHints":{"allow":["GET"]}}],"collection":[{"href":"https:\/\/fsmcv.org\/vl\/wp-json\/wp\/v2\/posts"}],"about":[{"href":"https:\/\/fsmcv.org\/vl\/wp-json\/wp\/v2\/types\/post"}],"author":[{"embeddable":true,"href":"https:\/\/fsmcv.org\/vl\/wp-json\/wp\/v2\/users\/2"}],"replies":[{"embeddable":true,"href":"https:\/\/fsmcv.org\/vl\/wp-json\/wp\/v2\/comments?post=10818"}],"version-history":[{"count":0,"href":"https:\/\/fsmcv.org\/vl\/wp-json\/wp\/v2\/posts\/10818\/revisions"}],"wp:attachment":[{"href":"https:\/\/fsmcv.org\/vl\/wp-json\/wp\/v2\/media?parent=10818"}],"wp:term":[{"taxonomy":"category","embeddable":true,"href":"https:\/\/fsmcv.org\/vl\/wp-json\/wp\/v2\/categories?post=10818"},{"taxonomy":"post_tag","embeddable":true,"href":"https:\/\/fsmcv.org\/vl\/wp-json\/wp\/v2\/tags?post=10818"}],"curies":[{"name":"wp","href":"https:\/\/api.w.org\/{rel}","templated":true}]}}