{"id":10822,"date":"2018-11-30T08:50:53","date_gmt":"2018-11-30T07:50:53","guid":{"rendered":"https:\/\/fsmcv.org\/?post_type=fsmcv-noticias&#038;p=10822"},"modified":"2021-04-07T19:48:22","modified_gmt":"2021-04-07T17:48:22","slug":"musica-nova-alcoi-estrena-disc-175-aniversari","status":"publish","type":"post","link":"https:\/\/fsmcv.org\/vl\/societats-musicals\/musica-nova-alcoi-estrena-disc-175-aniversari\/","title":{"rendered":"La M\u00fasica Nova d\u2019Alcoi estrena el disc del seu 175\u00e8 aniversari"},"content":{"rendered":"<p>La Societat Musical Nova d\u2019Alcoi estrena el disc del seu 175\u00e8 aniversari. Francisco Perales, director del Cor de la Generalitat Valenciana, ser\u00e0 l\u2019encarregat de presentar el triple CD \u201cSons d\u2019aniversari\u201d que recull la m\u00fasica representativa de la banda alcoiana aix\u00ed com les composicions creades per commemorar l\u2019efem\u00e8ride. Tota una banda sonora que la banda, dirigida per Juan Dom\u00e9nech, va interpretar als diferents concerts celebrats en 2017 per l\u2019aniversari.<\/p>\n<p>El Sal\u00f3n Rotonda del C\u00edrculo Industrial d\u2019Alcoi ser\u00e0 l\u2019escenari de la presentaci\u00f3 del disc que tindr\u00e0 lloc aquest divendres, 30 de novembre, a les 20 hores. La banda jove, dirigida per Jes\u00fas Fuertes, ser\u00e0 l\u2019encarregada d\u2019interpretar m\u00fasica en aquest acte amb entrada lliure.<\/p>\n<h3>Concert de Santa Cec\u00edlia 2018<\/h3>\n<p>La M\u00fasica Nova, per altra part, protagonitzar\u00e0 el seu concert de Santa Cec\u00edlia aquest dissabte al Teatre Calder\u00f3n d\u2019Alcoi. L\u2019homenatge a la patrona dels m\u00fasics comen\u00e7ar\u00e0 a les 19 hores amb l\u2019actuaci\u00f3 dels grups de dol\u00e7ainers i tabaleters Barxell i La Degoll\u00e0 i l\u2019Agrupaci\u00f3 Musical Serpis d\u2019Alcoi. La Nova ser\u00e0 l\u2019encarregada de tancar aquesta audici\u00f3 amb la interpretaci\u00f3 de <em>Symphonic Dances from West Syde Story<\/em> de Leonard Bernstein. La formaci\u00f3 ha escollit tocar aquesta obra per homenatjar al compositor americ\u00e0 en l\u2019any del centenari del seu naixement.<\/p>\n<p>La Nova, aix\u00ed mateix, presentar\u00e0 en p\u00fablic als 10 nous m\u00fasics que incorpora a la banda.<\/p>\n<p>L\u2019entrada al concert \u00e9s lliure mitjan\u00e7ant invitaci\u00f3. Aquesta es pot retirar en la taquilla del Teatre Calder\u00f3n en el seu horari habitual.<\/p>\n","protected":false},"excerpt":{"rendered":"<p>La banda jove de la Nova, dirigida per Jes\u00fas Fuertes, actuar\u00e0 a aquest acte que se celebrar\u00e0 el divendres 30 de novembre al C\u00edrculo Industrial i l\u2019entrada ser\u00e0 lliure.<\/p>\n","protected":false},"author":2,"featured_media":0,"comment_status":"closed","ping_status":"closed","sticky":false,"template":"","format":"standard","meta":{"footnotes":""},"categories":[56],"tags":[],"class_list":["post-10822","post","type-post","status-publish","format-standard","hentry","category-societats-musicals"],"_links":{"self":[{"href":"https:\/\/fsmcv.org\/vl\/wp-json\/wp\/v2\/posts\/10822","targetHints":{"allow":["GET"]}}],"collection":[{"href":"https:\/\/fsmcv.org\/vl\/wp-json\/wp\/v2\/posts"}],"about":[{"href":"https:\/\/fsmcv.org\/vl\/wp-json\/wp\/v2\/types\/post"}],"author":[{"embeddable":true,"href":"https:\/\/fsmcv.org\/vl\/wp-json\/wp\/v2\/users\/2"}],"replies":[{"embeddable":true,"href":"https:\/\/fsmcv.org\/vl\/wp-json\/wp\/v2\/comments?post=10822"}],"version-history":[{"count":0,"href":"https:\/\/fsmcv.org\/vl\/wp-json\/wp\/v2\/posts\/10822\/revisions"}],"wp:attachment":[{"href":"https:\/\/fsmcv.org\/vl\/wp-json\/wp\/v2\/media?parent=10822"}],"wp:term":[{"taxonomy":"category","embeddable":true,"href":"https:\/\/fsmcv.org\/vl\/wp-json\/wp\/v2\/categories?post=10822"},{"taxonomy":"post_tag","embeddable":true,"href":"https:\/\/fsmcv.org\/vl\/wp-json\/wp\/v2\/tags?post=10822"}],"curies":[{"name":"wp","href":"https:\/\/api.w.org\/{rel}","templated":true}]}}