{"id":1087,"date":"2016-07-30T17:37:04","date_gmt":"2016-07-30T15:37:04","guid":{"rendered":"http:\/\/fsmcv.org\/?post_type=fsmcv-noticias&#038;p=1087"},"modified":"2020-09-27T18:17:06","modified_gmt":"2020-09-27T18:17:06","slug":"cap-de-setmana-de-concerts-de-la-sim-sones-de-sax","status":"publish","type":"post","link":"https:\/\/fsmcv.org\/vl\/noticies-campanyes\/musica-a-la-llum\/cap-de-setmana-de-concerts-de-la-sim-sones-de-sax\/","title":{"rendered":"Cap de setmana de concerts de la SIM Sones de SAX"},"content":{"rendered":"<p>Sax, 30 de juliol de 2016<\/p>\n<p>Pakito Baeza participa aquest dissabte amb la Uni\u00f3 Musical de Sax en un concert de m\u00fasica llatina. I el diumenge, concert a benefici de Ian.<\/p>\n<p>El reconegut percussionista alacant\u00ed compartir\u00e0 escenari aquest dissabte en el concert de m\u00fasica llatina que oferir\u00e0 la Uni\u00f3 Musical en la Pla\u00e7a de l&#8217;Ajuntament de Sax amb l&#8217;objectiu de traure la m\u00fasica al carrer en les nits d&#8217;estiu.<\/p>\n<p>Pakito Baeza \u00e9s percussionista i professor de la Universitat d&#8217;Alacant des de 1996 i va aprendre percussi\u00f3 afrocubana amb Armandito Garc\u00eda P\u00e9rez en l&#8217;institut \u00abIgnacio Cervantes\u00bb de Cuba. En l&#8217;actualitat realitza diferents cl\u00ednics i classes magistrals de percussi\u00f3 per tot el m\u00f3n i compagina aquesta labor amb enregistraments i actuacions amb DJ&#8217;s i productors de m\u00fasica electro llatina. A m\u00e9s, ha obtingut diversos premis internacionals i nacionals com el \u00abKutur Cam\u00bb o el de millor artista alacant\u00ed de projecci\u00f3 internacional 2009. Ara est\u00e0 immers en l&#8217;enregistrament del seu nou disc \u00abPakito &amp; Friends\u00bb, enfocat a la m\u00fasica electr\u00f2nica juntament amb el seu trio de Latin Jazz \u00abDa Cappo &amp; Baeza Latin Groove Jazz\u00bb.<\/p>\n<p>Amb aquest curr\u00edculum, Baeza acompanyar\u00e0 amb el seu ritme als m\u00fasics de la Uni\u00f3 Musical i Art\u00edstica de Saix, que oferiran un programa nou al p\u00fablic saje\u00f1o sota la batuta del seu titular, Pedro Lara. Els assistents podran escoltar temes de mambo, salsa i cha-cha-ch\u00e1 com \u00abGuantanamera\u00bb, \u00abDanz\u00f3n n\u00ba2\u00bb o \u00abMambo n\u00ba 8\u00bb.<\/p>\n<p>El concert, que s&#8217;enfoca com una manera de traure la m\u00fasica al carrer en les nits d&#8217;estiu, ser\u00e0 aquest dissabte 30 de juliol a les 22 h. en la Pla\u00e7a de l&#8217;Ajuntament de Saix amb entrada lliure.<\/p>\n<p><b>Domingo 31, concert a favor de Ian<\/b><\/p>\n<p>Des de la &#8220;S.I.M. SONS DE SAX&#8221;, volem convidar a tots a col\u00b7laborar, assistint al concert que realitzaran a benefici de Ian, diumenge que ve 31 de juliol,a les 20.30\u202fh,en el parc dels Pr\u00ednceps.<\/p>\n<p>&#8220;\u00c9s un concert molt especial per a nosaltres, preparat des de la il\u00b7lusi\u00f3 perqu\u00e8 Ian puga seguir cap a davant&#8221; asseguren des de els Sones.<\/p>\n<p>Estem preparant un concert, en el qual hi haur\u00e0 Sarsuela, narraci\u00f3, batukada,cor i m\u00e9s sorpreses que encara no es poden desvetlar.<\/p>\n<p>Un concert, en el qual els Sones, com ens coneix tot el m\u00f3n, volen col\u00b7laborar amb la seua m\u00fasica.<\/p>\n<p>Des dels m\u00e9s xicotetes de l&#8217;escola,passant pel taller de batukada, l&#8217;escola moderna, els professors, els cantants convidats, una presentadora d&#8217;excepci\u00f3 i diverses empreses estan treballant perqu\u00e8 siga un concert inoblidable per a Ian i tots vost\u00e9s.<\/p>\n<p>Els esperen a tots el diumenge en el Parc dels Pr\u00ednceps.<\/p>\n<p>Programa<\/p>\n<p>1a\u00a0 part<\/p>\n<p>-AY, Pena\u00a0 penita\u00a0 pena\u2026\u2026\u2026\u2026\u2026\u2026\u2026\u2026\u2026\u2026\u2026\u2026\u2026\u2026\u2026\u2026\u2026&#8230; Quintero, Le\u00f3n y Quiroga.<\/p>\n<p>-La canci\u00f3n del olvido\u2026\u2026\u2026\u2026\u2026\u2026\u2026\u2026\u2026\u2026\u2026\u2026\u2026\u2026\u2026\u2026\u2026\u2026\u2026..Jos\u00e9 Serrano. arreglo\u00a0 Alfredo Cerd\u00e1n .<\/p>\n<p>Solista : \u00a0Pedro Garcinu\u00f1o \u00a0Enr\u00edquez \u00a0(bar\u00edtono)<\/p>\n<p>-Do\u00f1a Francisquita (fandango)\u2026\u2026\u2026\u2026\u2026\u2026\u2026\u2026\u2026\u2026\u2026\u2026\u2026\u2026Amadeo Vives Roig<\/p>\n<p>-Katiuska\u2026\u2026\u2026\u2026\u2026\u2026\u2026\u2026\u2026\u2026\u2026\u2026\u2026\u2026\u2026\u2026\u2026\u2026\u2026\u2026\u2026\u2026\u2026\u2026\u2026\u2026..Pedro Soroz\u00e1bal. arreglo Alfredo Cerd\u00e1n<\/p>\n<p>Solista: Celia \u00a0Garc\u00eda \u00a0Mart\u00ednez(soprano)<\/p>\n<p>-La revoltosa (D\u00fao de Felipe y Mari Pepa)\u2026\u2026\u2026\u2026\u2026\u2026\u2026\u2026&#8230;Ruperto Chapi,arreglo: Alfredo Cerd\u00e1n<\/p>\n<p>Solistas: Celia Garc\u00eda\u00a0 Mart\u00ednez\u00a0 Y\u00a0 Pedro Garcinu\u00f1o\u00a0 Enr\u00edquez\u00a0 (Soprano y bar\u00edtono)<\/p>\n<p>-10 \u00a0aniversario, escuadra\u00a0 Juan Caballero (Pasodoble)(estreno)\u2026..\u2026\u2026Francis\u00a0\u00a0 J<\/p>\n<p>&nbsp;<\/p>\n<p>2a part<\/p>\n<p>-African\u00a0 Symphony\u2026\u2026\u2026\u2026\u2026\u2026\u2026\u2026\u2026\u2026\u2026\u2026\u2026\u2026\u2026\u2026\u2026\u2026\u2026\u2026\u2026\u2026\u2026\u2026..Van McCoy.arreglo :Naohiro Iwai<\/p>\n<p>Participaci\u00f3 del taller de batukada sones<\/p>\n<p>-El Quijote(Fantas\u00eda sinf\u00f3nica para narrador y banda sinf\u00f3nica),,\u2026\u2026\u2026\u2026,,,Ferrer Ferr\u00e1n<\/p>\n<p>Narradors: Luc\u00eda Cremades (colegio Cervantes), Javier Garc\u00eda (colegio Alberto Sols), Gisela Cantero ( colegio Col\u00f3n) y Pilar Aliaga (colegio Hermanas Carmelitas).<\/p>\n<p>-Celtic Child (letra Jeff Mellemans, traducida por Jose R.Pascual Vilaplana)\u2026\u2026..Bert Appermont<\/p>\n<p>Cor de l&#8217;escola sones, solista: Cristina Calpena Guill<\/p>\n","protected":false},"excerpt":{"rendered":"<p>Pakito Baeza participa aquest dissabte amb la Uni\u00f3 Musical de Sax en un concert de m\u00fasica llatina<\/p>\n","protected":false},"author":2,"featured_media":0,"comment_status":"closed","ping_status":"closed","sticky":false,"template":"","format":"standard","meta":{"footnotes":""},"categories":[10],"tags":[],"class_list":["post-1087","post","type-post","status-publish","format-standard","hentry","category-musica-a-la-llum"],"_links":{"self":[{"href":"https:\/\/fsmcv.org\/vl\/wp-json\/wp\/v2\/posts\/1087","targetHints":{"allow":["GET"]}}],"collection":[{"href":"https:\/\/fsmcv.org\/vl\/wp-json\/wp\/v2\/posts"}],"about":[{"href":"https:\/\/fsmcv.org\/vl\/wp-json\/wp\/v2\/types\/post"}],"author":[{"embeddable":true,"href":"https:\/\/fsmcv.org\/vl\/wp-json\/wp\/v2\/users\/2"}],"replies":[{"embeddable":true,"href":"https:\/\/fsmcv.org\/vl\/wp-json\/wp\/v2\/comments?post=1087"}],"version-history":[{"count":0,"href":"https:\/\/fsmcv.org\/vl\/wp-json\/wp\/v2\/posts\/1087\/revisions"}],"wp:attachment":[{"href":"https:\/\/fsmcv.org\/vl\/wp-json\/wp\/v2\/media?parent=1087"}],"wp:term":[{"taxonomy":"category","embeddable":true,"href":"https:\/\/fsmcv.org\/vl\/wp-json\/wp\/v2\/categories?post=1087"},{"taxonomy":"post_tag","embeddable":true,"href":"https:\/\/fsmcv.org\/vl\/wp-json\/wp\/v2\/tags?post=1087"}],"curies":[{"name":"wp","href":"https:\/\/api.w.org\/{rel}","templated":true}]}}