{"id":1093,"date":"2016-07-25T17:40:35","date_gmt":"2016-07-25T15:40:35","guid":{"rendered":"http:\/\/fsmcv.org\/?post_type=fsmcv-noticias&#038;p=1093"},"modified":"2020-09-27T18:17:19","modified_gmt":"2020-09-27T18:17:19","slug":"concert-destiu-de-la-unio-musical-santa-cecilia-denguera","status":"publish","type":"post","link":"https:\/\/fsmcv.org\/vl\/noticies-campanyes\/musica-a-la-llum\/concert-destiu-de-la-unio-musical-santa-cecilia-denguera\/","title":{"rendered":"Concert d&#8217;estiu de la Uni\u00f3 Musical Santa Cecilia d&#8217;\u00c9nguera."},"content":{"rendered":"<p>Enguera, 26 de juliol de 2016<\/p>\n<p>Diumenge que ve 31 de Julio, la Uni\u00f3 Musical Santa Cecilia d&#8217;\u00c9nguera realitzar\u00e0 el tradicional concert d&#8217;estiu. El concert tindr\u00e0 lloc en la Pla\u00e7a Ib\u00e1\u00f1ez Mar\u00edn a les 20.00\u00a0hores.<\/p>\n<p>El concert comptar\u00e0 amb obres de diferents estils, destacant l&#8217;estrena del pasdoble &#8220;\u00c9nguera en passar Puente Lucena&#8221; compost pel compositor i exdirector de la Banda Simf\u00f2nica Municipal d&#8217;Alacant D. Bernab\u00e9 Sanch\u00eds Sanz que ha dedicat al poble d&#8217;\u00c9nguera, on va comen\u00e7ar com a director amb 17 anys.<\/p>\n<p>Una altra de les obres destacades en el concert \u00e9s la interpretaci\u00f3 del concert per a Bombardino &#8220;Harlequin&#8221; de Philip Sparke per part del jove m\u00fasic natural de C\u00e0rcer i de pare enguerino Pablo Chorques Conca. Malgrat la seua joventut, aquest jove m\u00fasic ja ha aconseguit importants premis en concursos d&#8217;interpretaci\u00f3. Ha estudiat en el Conservatori de Maastricht (Holanda), on actualment ha sigut acceptat per a realitzar el Master en Interpretaci\u00f3.<\/p>\n<p>El concert es completar\u00e0 amb obres de Rafa Garrig\u00f3s, Kevin Houben, Soutullo i Vert, i Federico Chueca.<\/p>\n<p><b>Programa:<\/b><\/p>\n<p>I PART<\/p>\n<p>*El Brujo<\/p>\n<p>Rafa Garrig\u00f3s<\/p>\n<p>*Harlequin<\/p>\n<p>Philip Sparke<\/p>\n<p>Bombardino solista: Pablo Chorques Conca<\/p>\n<p>*Lake of the moon<\/p>\n<p>Kevin Houben<\/p>\n<p>&nbsp;<\/p>\n<p><b>II PART<\/b><\/p>\n<p>*Enguera al pasar Puente Lucena<\/p>\n<p>Bernab\u00e9 Sanch\u00eds Sanz<\/p>\n<p>*La leyenda del beso<\/p>\n<p>Intermedio<\/p>\n<p>Soutullo y Vert<\/p>\n<p>*El Bateo<\/p>\n<p>Gran Fantas\u00eda<\/p>\n<ol>\n<li>Chueca<\/li>\n<\/ol>\n","protected":false},"excerpt":{"rendered":"<p>Diumenge que ve 31 de Julio, la Uni\u00f3 Musical Santa Cecilia d&#8217;\u00c9nguera realitzar\u00e0 el tradicional concert d&#8217;estiu. El concert tindr\u00e0 lloc en la Pla\u00e7a Ib\u00e1\u00f1ez Mar\u00edn a les 20.00 hores.<\/p>\n","protected":false},"author":2,"featured_media":0,"comment_status":"closed","ping_status":"closed","sticky":false,"template":"","format":"standard","meta":{"footnotes":""},"categories":[10],"tags":[],"class_list":["post-1093","post","type-post","status-publish","format-standard","hentry","category-musica-a-la-llum"],"_links":{"self":[{"href":"https:\/\/fsmcv.org\/vl\/wp-json\/wp\/v2\/posts\/1093","targetHints":{"allow":["GET"]}}],"collection":[{"href":"https:\/\/fsmcv.org\/vl\/wp-json\/wp\/v2\/posts"}],"about":[{"href":"https:\/\/fsmcv.org\/vl\/wp-json\/wp\/v2\/types\/post"}],"author":[{"embeddable":true,"href":"https:\/\/fsmcv.org\/vl\/wp-json\/wp\/v2\/users\/2"}],"replies":[{"embeddable":true,"href":"https:\/\/fsmcv.org\/vl\/wp-json\/wp\/v2\/comments?post=1093"}],"version-history":[{"count":0,"href":"https:\/\/fsmcv.org\/vl\/wp-json\/wp\/v2\/posts\/1093\/revisions"}],"wp:attachment":[{"href":"https:\/\/fsmcv.org\/vl\/wp-json\/wp\/v2\/media?parent=1093"}],"wp:term":[{"taxonomy":"category","embeddable":true,"href":"https:\/\/fsmcv.org\/vl\/wp-json\/wp\/v2\/categories?post=1093"},{"taxonomy":"post_tag","embeddable":true,"href":"https:\/\/fsmcv.org\/vl\/wp-json\/wp\/v2\/tags?post=1093"}],"curies":[{"name":"wp","href":"https:\/\/api.w.org\/{rel}","templated":true}]}}