{"id":10942,"date":"2018-12-12T13:10:26","date_gmt":"2018-12-12T12:10:26","guid":{"rendered":"https:\/\/fsmcv.org\/?post_type=fsmcv-noticias&#038;p=10942"},"modified":"2021-04-07T19:46:49","modified_gmt":"2021-04-07T17:46:49","slug":"pere-vicalet-estrena-obra-coral-electronica-xxv-aniversari-grup-polifonic-ars-nova","status":"publish","type":"post","link":"https:\/\/fsmcv.org\/vl\/societats-musicals\/pere-vicalet-estrena-obra-coral-electronica-xxv-aniversari-grup-polifonic-ars-nova\/","title":{"rendered":"Pere Vicalet estrena obra coral amb electr\u00f2nica en el XXV\u00e9 aniversari del Grup Polif\u00f2nic Ars Nova"},"content":{"rendered":"<p>Nombroses col\u00b7laboracions del Grup Polif\u00f2nic <em>Ars Nova<\/em> de X\u00e0bia, junt a Pere Vicalet, director, compositor i professor de Tecnologia Musical al Conservatori Superior de M\u00fasica de Val\u00e8ncia, conclouran l\u2019any 2018 aquest dissabte a l\u2019Esgl\u00e9sia de X\u00e0bia a les 21h amb l\u2019estrena d\u2019una obra encarregada per celebrar el XXV\u00e8 aniversari d\u2019aquest grup musical.<\/p>\n<p>L\u2019obra, titulada <em>Ars Nova XXV, <\/em>\u00e9s un recorregut de viv\u00e8ncies i experi\u00e8ncies dels membres de l&#8217;Ars Nova passats per un toc d&#8217;humor ir\u00f2nic amb jocs de paraules rebuscats que han caracteritzat alguns dels encontres amb l&#8217;autor. Mitjan\u00e7ant una discreta electr\u00f2nica, els sons de X\u00e0bia s\u00f3n presents a l&#8217;obra, i a m\u00e9s, articulen el discurs musical amb idees dels propis membres de l&#8217;Ars Nova. Tant \u00e9s aix\u00ed, que els textos en la major part han estat creats inicialment pels mateixos membres, i fins i tot, han determinat l&#8217;estructura de l&#8217;obra, ja que el segon moviment, \u00e9s un Ave Verum perqu\u00e8 per a alg\u00fan dels membres de l&#8217;Ars Nova, \u201c<em>l&#8217;Ars Nova \u00e9s&#8230; Ave Verum<\/em>\u201d.<\/p>\n<p>Qu\u00e8 \u00e9s per a tu l&#8217;Ars Nova? Si no ho saps, vine el proper dissabte a l&#8217;estrena, que t&#8217;esperem per celebrar el nostre aniversari junt amb tots els que han format part d&#8217;Ars Nova XXV. Tu tamb\u00e9 n&#8217;eres part.<\/p>\n<p>&#8220;Blanca_en estiu, corona_en gana d\u2019ella.<br \/>\nVilla pins i mar, plana puja_al portal.<br \/>\nMontanyar mar endins, barraca embola.<br \/>\nDuana de tossal, port i mas de molins.<br \/>\nMontg\u00f3_enfontanat, tot d\u2019arena i sol,<br \/>\ncap rimuga_al mart\u00ed del balc\u00f3 del mar.&#8221;<\/p>\n","protected":false},"excerpt":{"rendered":"<p>Dissabte 15 de desembre a l\u2019Esgl\u00e9sia de X\u00e0bia a les 21h s&#8217;estrena &#8220;Ars Nova XXV&#8221;, obra encarregada a Pere Vicalet per celebrar el XXV\u00e8 aniversari d&#8217;Ars Nova.<\/p>\n","protected":false},"author":2,"featured_media":0,"comment_status":"closed","ping_status":"closed","sticky":false,"template":"","format":"standard","meta":{"footnotes":""},"categories":[56],"tags":[],"class_list":["post-10942","post","type-post","status-publish","format-standard","hentry","category-societats-musicals"],"_links":{"self":[{"href":"https:\/\/fsmcv.org\/vl\/wp-json\/wp\/v2\/posts\/10942","targetHints":{"allow":["GET"]}}],"collection":[{"href":"https:\/\/fsmcv.org\/vl\/wp-json\/wp\/v2\/posts"}],"about":[{"href":"https:\/\/fsmcv.org\/vl\/wp-json\/wp\/v2\/types\/post"}],"author":[{"embeddable":true,"href":"https:\/\/fsmcv.org\/vl\/wp-json\/wp\/v2\/users\/2"}],"replies":[{"embeddable":true,"href":"https:\/\/fsmcv.org\/vl\/wp-json\/wp\/v2\/comments?post=10942"}],"version-history":[{"count":0,"href":"https:\/\/fsmcv.org\/vl\/wp-json\/wp\/v2\/posts\/10942\/revisions"}],"wp:attachment":[{"href":"https:\/\/fsmcv.org\/vl\/wp-json\/wp\/v2\/media?parent=10942"}],"wp:term":[{"taxonomy":"category","embeddable":true,"href":"https:\/\/fsmcv.org\/vl\/wp-json\/wp\/v2\/categories?post=10942"},{"taxonomy":"post_tag","embeddable":true,"href":"https:\/\/fsmcv.org\/vl\/wp-json\/wp\/v2\/tags?post=10942"}],"curies":[{"name":"wp","href":"https:\/\/api.w.org\/{rel}","templated":true}]}}