{"id":10946,"date":"2018-12-12T14:06:14","date_gmt":"2018-12-12T13:06:14","guid":{"rendered":"https:\/\/fsmcv.org\/?post_type=fsmcv-noticias&#038;p=10946"},"modified":"2021-03-29T12:02:22","modified_gmt":"2021-03-29T10:02:22","slug":"valencia-acoge-i-congreso-internacional-musica-a-la-llum-recuperacion-patrimonio-musical","status":"publish","type":"post","link":"https:\/\/fsmcv.org\/vl\/certamens\/valencia-acoge-i-congreso-internacional-musica-a-la-llum-recuperacion-patrimonio-musical\/","title":{"rendered":"Val\u00e8ncia acull el I Congr\u00e9s Internacional M\u00fasica a la llum per a la recuperaci\u00f3 del patrimoni musical"},"content":{"rendered":"<p>Val\u00e8ncia acull des d&#8217;aquest dijous i fins al dissabte el I Congr\u00e9s Internacional M\u00fasica a la Llum, organitzat per l&#8217;Institut Valenci\u00e0 de Cultura, la Federaci\u00f3 de Societats Musicals de la Comunitat Valenciana (FSMCV) i la Universitat de Val\u00e8ncia, i patrocinat per Bankia.<\/p>\n<p>M\u00e9s de quaranta especialistes, entre conferenciants convidats, ponents i membres del comit\u00e9 cient\u00edfic debatran aquestos dies entorn del patrimoni documental que custodien les bandes de m\u00fasica i sobre les formes de protegir-ho, divulgar-ho i estudiar-ho.<\/p>\n<p>El I Congr\u00e9s Internacional M\u00fasica a la Llum se celebra en el Centre Cultural La Nau de la Universitat i l&#8217;encarregat d&#8217;inaugurar-ho aquest dijous \u00e9s el m\u00fasic i investigador nord-americ\u00e0 Richard Scott Cohen, professor de la Ferris State University i vicepresident de la Societat Internacional per a la Investigaci\u00f3 i la Promoci\u00f3 de la M\u00fasica de Vent.<\/p>\n<p>Cohen, que en els anys vuitanta es va doctorar amb la primera tesi dedicada al m\u00f3n de les societats musicals de la Comunitat Valenciana i fins i tot ha dirigit diverses bandes valencianes, parlar\u00e0 sobre la projecci\u00f3 internacional del moviment band\u00edstic valenci\u00e0.<\/p>\n<p>La sessi\u00f3 matinal del dijous es tancar\u00e0 amb la confer\u00e8ncia del catedr\u00e0tic de la Universitat d&#8217;Oviedo, Ram\u00f3n Sobrino, que parlar\u00e0 sobre les versions per a banda de m\u00fasica procedents del m\u00f3n de l&#8217;orquestra i la sarsuela i de la seua petjada en els arxius valencians i de la resta d&#8217;Espanya.<\/p>\n<p>Les dues sessions del dijous, una al mat\u00ed i una altra a la vesprada, es dedicaran als arxius de les bandes i al m\u00f3n de la organologia i la fonografia. En la sessi\u00f3 matinal els especialistes tractaran aspectes dels arxius de les bandes d&#8217;Oliva i Llombai, la Primitiva d&#8217;Alcoi i la L\u00edrica de Silla. En la sessi\u00f3 vespertina s&#8217;estudiaran els primers enregistraments sonors de bandes valencianes, els enregistraments de la Banda de Alabarderos i del saxofon en el repertori band\u00edstic.<\/p>\n<p>Una taula redona se centrar\u00e0 tamb\u00e9 en la col\u00b7laboraci\u00f3 creixent entre els arxius municipals i les societats musicals per a la correcta conservaci\u00f3 de documents que el pas del temps ha tornat fr\u00e0gils i valuosos. La primera jornada del Congr\u00e9s acabar\u00e0 amb una confer\u00e8ncia del compositor, director i investigador, Bernardo Adam Ferrero, sobre la pres\u00e8ncia de compositors valencians en diferents arxius de societats musicals.<\/p>\n<h3>Programaci\u00f3 del Congr\u00e9s<\/h3>\n<p>La conservaci\u00f3 del repertori de banda en els pa\u00efsos del nostre entorn protagonitza la segona jornada del Congr\u00e9s M\u00fasica a la Llum, en la qual l&#8217;investigador i director portugu\u00e9s, Andr\u00e9 Granjo, i el director i pedagog belga, Frank de Vuyst, presentaran projectes de recuperaci\u00f3 en els seus respectius pa\u00efsos. En eixa segona jornada, els arxivers d&#8217;orquestra espanyols proposen utilitzar el seu model per a crear un cat\u00e0leg de m\u00fasica de banda.<\/p>\n<p>En la jornada del dissabte, representants de les principals biblioteques i arxius de l&#8217;Estat parlaran sobre els seus fons band\u00edstics, entre els quals destacar\u00e0 la intervenci\u00f3 de la italiana Sabina Benelli amb la seua experi\u00e8ncia en el Teatre alla Scala de Mil\u00e0. A m\u00e9s, el mateix dissabte, la recentment creada Uni\u00f3 Musical del Centre Hist\u00f2ric, una banda dirigida per Vicente Gabarda, oferir\u00e0 un concert obert al p\u00fablic en general en el claustre de la Nau, amb obres de Manuel Penella, Jos\u00e9 Manuel Izquierdo i Jos\u00e9 Serrano.<\/p>\n<p>M\u00fasica a la Llum \u00e9s un projecte engegat en 2016 per l&#8217;IVC i la FSMCV amb el patrocini de Bankia, per a descriure i posar en valor les partitures, instruments i el patrimoni cultural en general de les societats musicals valencianes. \u00c9s resultat d&#8217;un treball de camp en equip que ha comen\u00e7at inicialment en les bandes centen\u00e0ries de tot el territori valenci\u00e0, i que es plasma en una <a href=\"https:\/\/www.musicaalallum.es\/\" target=\"_blank\" rel=\"noopener noreferrer\">p\u00e0gina web<\/a>, que pret\u00e9n oferir en finalitzar el projecte un mapa dels principals fons musicals que atresoren les nostres bandes.<\/p>\n<h3>Documentaci\u00f3<\/h3>\n<p><a href=\"https:\/\/fsmcv.org\/BTnet-storage\/wp-uploads\/2018\/12\/Programa-I-Congreso-Internacional-Mu\u0301sica-a-la-Llum.pdf\" target=\"_blank\" rel=\"noopener noreferrer\">Descarrega el programa del congr\u00e9s\u00a0 [PDF]<\/a><\/p>\n","protected":false},"excerpt":{"rendered":"<p>Les jornades, en les quals participaran m\u00e9s de 40 ponents internacionals, es desenvoluparan entre dem\u00e0 i el dissabte en La Nau de Val\u00e8ncia.<\/p>\n","protected":false},"author":2,"featured_media":0,"comment_status":"closed","ping_status":"closed","sticky":false,"template":"","format":"standard","meta":{"footnotes":""},"categories":[1],"tags":[],"class_list":["post-10946","post","type-post","status-publish","format-standard","hentry","category-certamenes"],"_links":{"self":[{"href":"https:\/\/fsmcv.org\/vl\/wp-json\/wp\/v2\/posts\/10946","targetHints":{"allow":["GET"]}}],"collection":[{"href":"https:\/\/fsmcv.org\/vl\/wp-json\/wp\/v2\/posts"}],"about":[{"href":"https:\/\/fsmcv.org\/vl\/wp-json\/wp\/v2\/types\/post"}],"author":[{"embeddable":true,"href":"https:\/\/fsmcv.org\/vl\/wp-json\/wp\/v2\/users\/2"}],"replies":[{"embeddable":true,"href":"https:\/\/fsmcv.org\/vl\/wp-json\/wp\/v2\/comments?post=10946"}],"version-history":[{"count":0,"href":"https:\/\/fsmcv.org\/vl\/wp-json\/wp\/v2\/posts\/10946\/revisions"}],"wp:attachment":[{"href":"https:\/\/fsmcv.org\/vl\/wp-json\/wp\/v2\/media?parent=10946"}],"wp:term":[{"taxonomy":"category","embeddable":true,"href":"https:\/\/fsmcv.org\/vl\/wp-json\/wp\/v2\/categories?post=10946"},{"taxonomy":"post_tag","embeddable":true,"href":"https:\/\/fsmcv.org\/vl\/wp-json\/wp\/v2\/tags?post=10946"}],"curies":[{"name":"wp","href":"https:\/\/api.w.org\/{rel}","templated":true}]}}