{"id":1096,"date":"2016-07-26T17:42:05","date_gmt":"2016-07-26T15:42:05","guid":{"rendered":"http:\/\/fsmcv.org\/?post_type=fsmcv-noticias&#038;p=1096"},"modified":"2020-09-27T18:17:26","modified_gmt":"2020-09-27T18:17:26","slug":"bunyol-acull-durant-aquesta-setmana-les-classes-i-practiques-de-curs-de-direccio-de-bandes-de-berklee-valencia","status":"publish","type":"post","link":"https:\/\/fsmcv.org\/vl\/noticies-campanyes\/musica-a-la-llum\/bunyol-acull-durant-aquesta-setmana-les-classes-i-practiques-de-curs-de-direccio-de-bandes-de-berklee-valencia\/","title":{"rendered":"Bunyol acull durant aquesta setmana les classes i pr\u00e0ctiques de Curs de Direcci\u00f3 de Bandes de Berklee-Val\u00e8ncia"},"content":{"rendered":"<p class=\"texto\"><span class=\"texto\">Bunyol, 26 de juliol de 2016<br \/>\n<\/span><\/p>\n<p><span class=\"texto\">Gr\u00e0cies al conveni subscrit el passat mes de maig entre <span class=\"hiddenSpellError\">CulturArts<\/span> Generalitat i Berklee <span class=\"hiddenSpellError\">College<\/span> <span class=\"hiddenSpellError\">of<\/span> <span class=\"hiddenSpellError\">Music<\/span> Val\u00e8ncia, per a la integraci\u00f3 dels membres de les societats musicals de la <span class=\"hiddenSpellError\">FSMCV<\/span> en els cursos d&#8217;aquesta prestigiosa universitat, 16 alumnes actius i quasi una trentena d&#8217;o\u00efdores es troben realitzant a Bunyol el &#8220;Curs d&#8217;Adre\u00e7a de Bandes&#8221; amb el mestre Rafael <span class=\"hiddenSpellError\">Sanz<\/span> Espert, director titular de la Banda Municipal de Madrid.<\/span><\/p>\n<p>Aquest conveni \u00e9s una mostra del suport de la Generalitat a les bandes de m\u00fasica, que constitueixen una de les manifestacions art\u00edstiques i musicals m\u00e9s representatives de la nostra tradici\u00f3 cultural, i s&#8217;han convertit en un dels senyals d&#8217;identitat del poble valenci\u00e0, al mateix temps que s&#8217;avan\u00e7a en la fusi\u00f3 entre la tradici\u00f3 cultural que representen les bandes de m\u00fasica i la modernitat que representa la Berklee <span class=\"hiddenSpellError\">College<\/span> <span class=\"hiddenSpellError\">of<\/span> <span class=\"hiddenSpellError\">Music<\/span>.<\/p>\n<p>D&#8217;aquesta manera i durant tota aquesta setmana, l&#8217;Ajuntament i el CIM L&#8217;Harm\u00f2nica de Bunyol col\u00b7laboren perqu\u00e8 aquestes classes es realitzen \u00edntegrament en la nostra poblaci\u00f3, tant les te\u00f2riques i pr\u00e0ctiques vespertines amb grups de c\u00e0mera en la Sala <span class=\"hiddenSpellError\">Raga<\/span> de la Biblioteca, com les pr\u00e0ctiques nocturnes que es duen a terme en els Jardins de l&#8217;Harm\u00f2nica i amb la Banda Simf\u00f2nica d&#8217;aquesta societat com a agrupaci\u00f3 resident.<\/p>\n<p>Aix\u00ed mateix, aquests dies tamb\u00e9 s&#8217;est\u00e0 duent a terme a Val\u00e8ncia el &#8220;Curs d&#8217;Arranjaments i Composici\u00f3&#8221; subjecte a les mateixes caracter\u00edstiques que l&#8217;anterior i a c\u00e0rrec del professor <span class=\"hiddenSpellError\">Gregory<\/span> <span class=\"hiddenSpellError\">Fritze<\/span>, gran amic del Litre i assidu visitant de la nostra musical poblaci\u00f3.<\/p>\n<p>&nbsp;<\/p>\n","protected":false},"excerpt":{"rendered":"<p>16 alumnes actius i quasi una trentena d&#8217;o\u00efdores es troben realitzant a Bunyol el &#8220;Curs d&#8217;Adre\u00e7a de Bandes&#8221; amb el mestre Rafael Sanz Espert, director titular de la Banda Municipal de Madrid<\/p>\n","protected":false},"author":2,"featured_media":0,"comment_status":"closed","ping_status":"closed","sticky":false,"template":"","format":"standard","meta":{"footnotes":""},"categories":[10],"tags":[],"class_list":["post-1096","post","type-post","status-publish","format-standard","hentry","category-musica-a-la-llum"],"_links":{"self":[{"href":"https:\/\/fsmcv.org\/vl\/wp-json\/wp\/v2\/posts\/1096","targetHints":{"allow":["GET"]}}],"collection":[{"href":"https:\/\/fsmcv.org\/vl\/wp-json\/wp\/v2\/posts"}],"about":[{"href":"https:\/\/fsmcv.org\/vl\/wp-json\/wp\/v2\/types\/post"}],"author":[{"embeddable":true,"href":"https:\/\/fsmcv.org\/vl\/wp-json\/wp\/v2\/users\/2"}],"replies":[{"embeddable":true,"href":"https:\/\/fsmcv.org\/vl\/wp-json\/wp\/v2\/comments?post=1096"}],"version-history":[{"count":0,"href":"https:\/\/fsmcv.org\/vl\/wp-json\/wp\/v2\/posts\/1096\/revisions"}],"wp:attachment":[{"href":"https:\/\/fsmcv.org\/vl\/wp-json\/wp\/v2\/media?parent=1096"}],"wp:term":[{"taxonomy":"category","embeddable":true,"href":"https:\/\/fsmcv.org\/vl\/wp-json\/wp\/v2\/categories?post=1096"},{"taxonomy":"post_tag","embeddable":true,"href":"https:\/\/fsmcv.org\/vl\/wp-json\/wp\/v2\/tags?post=1096"}],"curies":[{"name":"wp","href":"https:\/\/api.w.org\/{rel}","templated":true}]}}