{"id":10963,"date":"2018-12-13T12:31:10","date_gmt":"2018-12-13T11:31:10","guid":{"rendered":"https:\/\/fsmcv.org\/?post_type=fsmcv-noticias&#038;p=10963"},"modified":"2021-04-07T19:46:29","modified_gmt":"2021-04-07T17:46:29","slug":"41-sociedades-musicales-vega-baja-baix-vinalopo-reeligen-leandro-vilato-presidente-comarcal-2018-2022","status":"publish","type":"post","link":"https:\/\/fsmcv.org\/vl\/societats-musicals\/41-sociedades-musicales-vega-baja-baix-vinalopo-reeligen-leandro-vilato-presidente-comarcal-2018-2022\/","title":{"rendered":"Les 41 societats musicals de la comarca de la Vega Baixa-Baix Vinalop\u00f3 reelegeixen Leandro R. Vilat\u00f3 com a president comarcal per als pr\u00f2xims quatre anys"},"content":{"rendered":"<p>Les Societats Musicals de la comarca Vega Baixa-Baix Vinalop\u00f3 han celebrat eleccions i han votat de nou com a president comarcal a Leandro R. Vilat\u00f3. Aquesta acci\u00f3 forma part del proc\u00e9s democr\u00e0tic de la Federaci\u00f3 per a configurar tota la seua estructura que, a m\u00e9s de Junta Directiva, compta amb 30 presid\u00e8ncies comarcals i 3 presidents provincials.<\/p>\n<p>Les eleccions dels nous presidents comarcals de la FSMCV s&#8217;han celebrat despr\u00e9s de la votaci\u00f3, el passat 6 d&#8217;octubre en el Palau de Congressos de Val\u00e8ncia, de la nova Junta Directiva de la Federaci\u00f3 per als pr\u00f2xims 4 anys, que ser\u00e0 presidida de nou per Pedro Rodr\u00edguez.<\/p>\n<p>Leandro R. Vilat\u00f3 ha sigut reelegit per unanimitat amb el 100% dels vots. Ell va entrar amb 7 anys en la Uni\u00f3 Musical de San Fulgencio com a estudiant de la seua escola de m\u00fasica i actualment \u00e9s el seu tresorer.<\/p>\n<p><img fetchpriority=\"high\" decoding=\"async\" class=\"aligncenter size-large wp-image-10964\" src=\"https:\/\/fsmcv.org\/BTnet-storage\/wp-uploads\/2018\/12\/PC-Vega-Baja-Baix-Vinalopo_Leandro-R-Vilato-FSMCV-768x1024.jpeg\" alt=\"\" width=\"768\" height=\"1024\" title=\"\"><\/p>\n<p style=\"text-align: center;\"><em>Leandro R. Vilat\u00f3, president comarcal de la Vega Baixa-Baix Vinalop\u00f3<\/em><\/p>\n<p>\u201c<em>La reelecci\u00f3 suposa un nou impuls per a les activitats que s&#8217;estan desenvolupant en la comarca i que exportem a unes altres. Cal tenir en compte que la Vega Baixa &#8211; Baix Vinalop\u00f3 \u00e9s la comarca amb m\u00e9s Societats Musicals de tot el nostre territori. Som conscients de la rellev\u00e0ncia de les nostres Societats Musicals en la comarca, ja que moltes d&#8217;elles s\u00f3n un clar exemple de la diversitat i riquesa cultural. Crec que els nous projectes que t\u00e9 la recentment triada junta directiva de la FSMCV van pel bon cam\u00ed per a col\u00b7locar a les Societats Musicals en el lloc que es mereixen dins de la cultura<\/em>\u201d, ha declarat el nou president comarcal de la Vega Baixa-Baix Vinalop\u00f3.<\/p>\n<p>Actualment, la Vega Baixa-Baix Vinalop\u00f3 compta amb 41 Societats Musicals. Des de la FSMCV s&#8217;ha destacat que disposar d&#8217;una estructura comarcal \u00e9s la clau que converteix a les Societats Musicals en principal element vertebrador de la Comunitat Valenciana. De fet, un dels projectes m\u00e9s potents de la FSMCV \u00e9s el seu programa anual d&#8217;activitats comarcals que est\u00e0 destinat a arribar al m\u00e0xim nombre de municipis amb l&#8217;objectiu d&#8217;implicar en elles al major nombre possible d&#8217;actors socials.<\/p>\n<h3>Sobre la FSMCV<\/h3>\n<p>La FSMCV, que en 2018 celebra el seu 50\u00e9 aniversari, agrupa a 550 societats musicals i les seues escoles de m\u00fasica (el 50% d&#8217;Espanya), compta amb 40.000 m\u00fasics, 60.000 alumnes i m\u00e9s de 200.000 socis. Les Societats Musicals estan presents en el 95% dels municipis d&#8217;Alacant, Castell\u00f3 i Val\u00e8ncia de m\u00e9s de 500 habitants, conformen un projecte social i educatiu \u00fanic en el m\u00f3n i s\u00f3n el principal agent cultural de la Comunitat Valenciana, segons la Universitat de Val\u00e8ncia, i aporten anualment 40 milions d&#8217;euros al PIB de la Comunitat Valenciana.<\/p>\n","protected":false},"excerpt":{"rendered":"<p>Vilat\u00f3, que ha sigut escollit pel 100% dels vots, pertany a la Uni\u00f3n Musical de San Fulgencio des dels 7 anys.<\/p>\n","protected":false},"author":2,"featured_media":0,"comment_status":"closed","ping_status":"closed","sticky":false,"template":"","format":"standard","meta":{"footnotes":""},"categories":[56],"tags":[],"class_list":["post-10963","post","type-post","status-publish","format-standard","hentry","category-societats-musicals"],"_links":{"self":[{"href":"https:\/\/fsmcv.org\/vl\/wp-json\/wp\/v2\/posts\/10963","targetHints":{"allow":["GET"]}}],"collection":[{"href":"https:\/\/fsmcv.org\/vl\/wp-json\/wp\/v2\/posts"}],"about":[{"href":"https:\/\/fsmcv.org\/vl\/wp-json\/wp\/v2\/types\/post"}],"author":[{"embeddable":true,"href":"https:\/\/fsmcv.org\/vl\/wp-json\/wp\/v2\/users\/2"}],"replies":[{"embeddable":true,"href":"https:\/\/fsmcv.org\/vl\/wp-json\/wp\/v2\/comments?post=10963"}],"version-history":[{"count":0,"href":"https:\/\/fsmcv.org\/vl\/wp-json\/wp\/v2\/posts\/10963\/revisions"}],"wp:attachment":[{"href":"https:\/\/fsmcv.org\/vl\/wp-json\/wp\/v2\/media?parent=10963"}],"wp:term":[{"taxonomy":"category","embeddable":true,"href":"https:\/\/fsmcv.org\/vl\/wp-json\/wp\/v2\/categories?post=10963"},{"taxonomy":"post_tag","embeddable":true,"href":"https:\/\/fsmcv.org\/vl\/wp-json\/wp\/v2\/tags?post=10963"}],"curies":[{"name":"wp","href":"https:\/\/api.w.org\/{rel}","templated":true}]}}