{"id":10973,"date":"2018-12-13T13:37:05","date_gmt":"2018-12-13T12:37:05","guid":{"rendered":"https:\/\/fsmcv.org\/?post_type=fsmcv-noticias&#038;p=10973"},"modified":"2021-03-29T12:01:17","modified_gmt":"2021-03-29T10:01:17","slug":"la-conservacio-del-repertori-de-banda-en-els-paisos-del-nostre-entorn-protagonitza-la-segona-jornada-del-congres-musica-a-la-llum","status":"publish","type":"post","link":"https:\/\/fsmcv.org\/vl\/certamens\/la-conservacio-del-repertori-de-banda-en-els-paisos-del-nostre-entorn-protagonitza-la-segona-jornada-del-congres-musica-a-la-llum\/","title":{"rendered":"La conservaci\u00f3 del repertori de banda en els pa\u00efsos del nostre entorn protagonitzar\u00e0 la segona jornada del Congr\u00e9s &#8220;M\u00fasica a la llum&#8221;"},"content":{"rendered":"<p>El I Congr\u00e9s Internacional M\u00fasica a la llum, organitzat per l&#8217;Institut Valenci\u00e0 de Cultura, la Federaci\u00f3 de Societats Musicals de la Comunitat Valenciana (FSMCV) i la Universitat de Val\u00e8ncia, i patrocinat per Bankia, entrar\u00e0 el divendres 14 en la seua segona jornada, amb noves confer\u00e8ncies i sessions de presentaci\u00f3 de comunicacions.<\/p>\n<p>El mat\u00ed comen\u00e7ar\u00e0 amb la confer\u00e8ncia del portugu\u00e8s Andr\u00e9 Granjo, que a m\u00e9s de director \u00e9s investigador i membre de l&#8217;Institut de Etnomusicologia del seu pa\u00eds. Granjo se centrar\u00e0 en la recuperaci\u00f3 del repertori hist\u00f2ric de les bandes del seu pa\u00eds a trav\u00e9s d&#8217;una base de dades centralitzada. A continuaci\u00f3, la primera sessi\u00f3 de comunicacions versar\u00e0 sobre el paper cultural jugat per les bandes en el seu context, amb intervencions sobre El Puig, Sueca, Ll\u00edria o la Font de Sant Lluis de Val\u00e8ncia.<\/p>\n<p>Crist\u00f3bal Soler, president de l&#8217;Associaci\u00f3 Espanyola de Directors d&#8217;Orquestra i titular de la Jove Orquestra Simf\u00f2nica de la FSMCV, parlar\u00e0 despr\u00e9s sobre les instrumentacions de sarsuela en els casos de Chap\u00ed i Serrano. El mat\u00ed conclour\u00e0 amb una sessi\u00f3 dedicada, entre altres temes, a la protecci\u00f3 del patrimoni des del punt de vista jur\u00eddic, les campanyes de recuperaci\u00f3 de repertori de la Diputaci\u00f3 de Val\u00e8ncia o la base de dades Faristol, model per a un futur cat\u00e0leg de repertori de banda.<\/p>\n<p>La sessi\u00f3 de vesprada s&#8217;iniciar\u00e0 amb una confer\u00e8ncia de Salvador Astruells i Frederic Oriola sobre la reconstrucci\u00f3 d&#8217;una obra de 1855 del m\u00fasic militar Carlos Llorens, exemple de la m\u00fasica d&#8217;eixe moment. Despr\u00e9s, una nova taula de comunicacions presentar\u00e0 diferents treballs sobre la influ\u00e8ncia de la m\u00fasica tradicional i la m\u00fasica contempor\u00e0nia en el repertori band\u00edstic.<\/p>\n<p>Finalment Frank de Vuyst, m\u00fasic belga resident des de fa molts anys entre nosaltres, pronunciar\u00e0 la confer\u00e8ncia titulada \u2018Arxiu i difusi\u00f3 del repertori band\u00edstic en pa\u00efsos del nostre entorn: una comparaci\u00f3 amb el cas valenci\u00e0\u2019.<\/p>\n<h3>\u00daltima jornada del congr\u00e9s<\/h3>\n<p>En la jornada del dissabte, representants de les principals biblioteques i arxius de l&#8217;Estat parlaran sobre els seus fons band\u00edstics, entre els quals destacar\u00e0 la intervenci\u00f3 de la italiana Sabina Benelli amb la seua experi\u00e8ncia en el Teatre alla Scala de Mil\u00e0. A m\u00e9s, el mateix dissabte, la recentment creada Uni\u00f3 Musical del Centre Hist\u00f2ric, una banda dirigida per Vicente Gabarda, oferir\u00e0 un concert obert al p\u00fablic en general en el claustre de la Nau, amb obres de Manuel Penella, Jos\u00e9 Manuel Izquierdo i Jos\u00e9 Serrano.<\/p>\n<p>M\u00fasica a la llum \u00e9s un projecte engegat en 2016 per l&#8217;IVC i la FSMCV amb el patrocini de Bankia, per a descriure i posar en valor les partitures, instruments i el patrimoni cultural en general de les societats musicals valencianes. \u00c9s resultat d&#8217;un treball de camp en equip que ha comen\u00e7at inicialment en les bandes centen\u00e0ries de tot el territori valenci\u00e0, i que es plasma en una p\u00e0gina web, que pret\u00e9n oferir en finalitzar el projecte un mapa dels principals fons musicals que atresoren les nostres bandes.<\/p>\n","protected":false},"excerpt":{"rendered":"<p>La convenci\u00f3, dins del programa Bankia Escolta Val\u00e8ncia, est\u00e0 organitzada per l&#8217;Institut Valenci\u00e0 de Cultura, la FSMCV i Bankia.<\/p>\n","protected":false},"author":2,"featured_media":0,"comment_status":"closed","ping_status":"closed","sticky":false,"template":"","format":"standard","meta":{"footnotes":""},"categories":[1],"tags":[],"class_list":["post-10973","post","type-post","status-publish","format-standard","hentry","category-certamenes"],"_links":{"self":[{"href":"https:\/\/fsmcv.org\/vl\/wp-json\/wp\/v2\/posts\/10973","targetHints":{"allow":["GET"]}}],"collection":[{"href":"https:\/\/fsmcv.org\/vl\/wp-json\/wp\/v2\/posts"}],"about":[{"href":"https:\/\/fsmcv.org\/vl\/wp-json\/wp\/v2\/types\/post"}],"author":[{"embeddable":true,"href":"https:\/\/fsmcv.org\/vl\/wp-json\/wp\/v2\/users\/2"}],"replies":[{"embeddable":true,"href":"https:\/\/fsmcv.org\/vl\/wp-json\/wp\/v2\/comments?post=10973"}],"version-history":[{"count":0,"href":"https:\/\/fsmcv.org\/vl\/wp-json\/wp\/v2\/posts\/10973\/revisions"}],"wp:attachment":[{"href":"https:\/\/fsmcv.org\/vl\/wp-json\/wp\/v2\/media?parent=10973"}],"wp:term":[{"taxonomy":"category","embeddable":true,"href":"https:\/\/fsmcv.org\/vl\/wp-json\/wp\/v2\/categories?post=10973"},{"taxonomy":"post_tag","embeddable":true,"href":"https:\/\/fsmcv.org\/vl\/wp-json\/wp\/v2\/tags?post=10973"}],"curies":[{"name":"wp","href":"https:\/\/api.w.org\/{rel}","templated":true}]}}