{"id":1102,"date":"2016-07-22T17:44:48","date_gmt":"2016-07-22T15:44:48","guid":{"rendered":"http:\/\/fsmcv.org\/?post_type=fsmcv-noticias&#038;p=1102"},"modified":"2020-09-27T18:17:40","modified_gmt":"2020-09-27T18:17:40","slug":"exit-total-del-gran-espectacle-eterno-mecano-per-la-la-agrupacio-musical-ontinyent","status":"publish","type":"post","link":"https:\/\/fsmcv.org\/vl\/noticies-campanyes\/musica-a-la-llum\/exit-total-del-gran-espectacle-eterno-mecano-per-la-la-agrupacio-musical-ontinyent\/","title":{"rendered":"\u00c8xit total del gran espectacle &#8220;Eterno Mecano&#8221; per la la Agrupaci\u00f3 Musical Ontinyent"},"content":{"rendered":"<p>Ontinyent, 22 de juliol de 2016<\/p>\n<p>\u00c8xit total al gran espectacle \u201cEterno Mecano\u201d que m\u00e9s de 700 persones van gaudir el passat divendres a la pla\u00e7a de Sant Domingo. Can\u00e7ons com \u201cEl 7 de septiembre\u201d, \u201cMe cuesta tanto olvidarte\u201d o \u201choy no me puedo levantar\u201d van sonar en directe amb els cantants Aisha Bordas, Laia Benaches, i \u00c1ngel Bellido, amb els m\u00fasics de l\u2019Agrupaci\u00f3 Musical Ontinyent.<\/p>\n<p>El regidor de Cultura, \u00c0lex Borrell, explicava que \u201ces tracta de l\u2019acte central de les activitats de l&#8217;Estiu Musical que organitza l\u2019Agrupaci\u00f3 Musical d\u2019Ontinyent, que celebra el seu XX aniversari, i amb el que des de l\u2019Ajuntament col\u00b7laborem encantats, perqu\u00e8 estem segurs que va a ser una de les activitats m\u00e9s destacades de les que estan tenint lloc aquest mes de juliol a la ciutat\u201d.<\/p>\n<p>L\u2019espectacle Eterno Mecano \u00e9s una cuidada producci\u00f3 musical que destaca per la seua posada en escena i amenes transicions, segons expliquen els seus responsables. Aix\u00ed, amb l\u2019objectiu de retre tribut a una de les bandes que van marcar una \u00e8poca entre els 80 i principis dels 90, durant hora i mitja vam recordar les can\u00e7ons m\u00e9s llegend\u00e0ries del grup espanyol format per Ana Torroja i els germans Nacho i Jos\u00e9 Mar\u00eda Cano, i que els van portar a ser una de les bandes referents de l\u2019\u00e8poca daurada del pop espanyol.<\/p>\n<p>L\u00b4\u00daltim concert de l\u2019estiu musical ser\u00e1 aquest divendres a c\u00e0rrec de la Intokables Big Band al Parc Mestre Ferrero a les 23h.<\/p>\n","protected":false},"excerpt":{"rendered":"<p>L\u00b4\u00daltim concert de l\u2019estiu musical ser\u00e1 aquest divendres a c\u00e0rrec de la Intokables Big Band al Parc Mestre Ferrero a les 23h<\/p>\n","protected":false},"author":2,"featured_media":0,"comment_status":"closed","ping_status":"closed","sticky":false,"template":"","format":"standard","meta":{"footnotes":""},"categories":[10],"tags":[],"class_list":["post-1102","post","type-post","status-publish","format-standard","hentry","category-musica-a-la-llum"],"_links":{"self":[{"href":"https:\/\/fsmcv.org\/vl\/wp-json\/wp\/v2\/posts\/1102","targetHints":{"allow":["GET"]}}],"collection":[{"href":"https:\/\/fsmcv.org\/vl\/wp-json\/wp\/v2\/posts"}],"about":[{"href":"https:\/\/fsmcv.org\/vl\/wp-json\/wp\/v2\/types\/post"}],"author":[{"embeddable":true,"href":"https:\/\/fsmcv.org\/vl\/wp-json\/wp\/v2\/users\/2"}],"replies":[{"embeddable":true,"href":"https:\/\/fsmcv.org\/vl\/wp-json\/wp\/v2\/comments?post=1102"}],"version-history":[{"count":0,"href":"https:\/\/fsmcv.org\/vl\/wp-json\/wp\/v2\/posts\/1102\/revisions"}],"wp:attachment":[{"href":"https:\/\/fsmcv.org\/vl\/wp-json\/wp\/v2\/media?parent=1102"}],"wp:term":[{"taxonomy":"category","embeddable":true,"href":"https:\/\/fsmcv.org\/vl\/wp-json\/wp\/v2\/categories?post=1102"},{"taxonomy":"post_tag","embeddable":true,"href":"https:\/\/fsmcv.org\/vl\/wp-json\/wp\/v2\/tags?post=1102"}],"curies":[{"name":"wp","href":"https:\/\/api.w.org\/{rel}","templated":true}]}}