{"id":11105,"date":"2018-12-21T12:35:46","date_gmt":"2018-12-21T11:35:46","guid":{"rendered":"https:\/\/fsmcv.org\/?post_type=fsmcv-noticias&#038;p=11105"},"modified":"2021-04-07T19:35:12","modified_gmt":"2021-04-07T17:35:12","slug":"12-sociedades-musicales-camp-de-morvedre-eligen-fina-gomez-como-presidenta-comarcal-2018-2022","status":"publish","type":"post","link":"https:\/\/fsmcv.org\/vl\/societats-musicals\/12-sociedades-musicales-camp-de-morvedre-eligen-fina-gomez-como-presidenta-comarcal-2018-2022\/","title":{"rendered":"Les 12 societats musicals del Camp de Morvedre elegeixen de nou Fina G\u00f3mez com a presidenta comarcal per als pr\u00f2xims quatre anys"},"content":{"rendered":"<p>Les Societats Musicals de la comarca del Camp de Morvedre han celebrat eleccions i han votat de nou com a presidenta comarcal Fina G\u00f3mez. Aquesta acci\u00f3 forma part del proc\u00e9s democr\u00e0tic de la Federaci\u00f3 per a configurar tota la seua estructura que, a m\u00e9s de Junta Directiva, compta amb 30 presid\u00e8ncies comarcals i 3 presidents provincials.<\/p>\n<p>Les eleccions dels nous presidents comarcals de la FSMCV s&#8217;han celebrat despr\u00e9s de la votaci\u00f3, el passat 6 d&#8217;octubre en el Palau de Congressos de Val\u00e8ncia, de la nova Junta Directiva de la Federaci\u00f3 per als pr\u00f2xims 4 anys, que ser\u00e0 presidida de nou per Pedro Rodr\u00edguez.<\/p>\n<p>Fina G\u00f3mez, que ha rebut el 100% dels vots, ha sigut reelegida per a aquest c\u00e0rrec per quarta candidatura consecutiva. L&#8217;Assemblea Comarcal Extraordin\u00e0ria de la Comarca de Camp de Morvedre, per a l&#8217;elecci\u00f3 de la nova presidenta comarcal, es va celebrar en la seu de la Societat Musical Uni\u00f3 Musical Portenya (Av. Jer\u00f3nimo Roure 1, de Port de Sagunt).<\/p>\n<p>Pertany a la Societat Joventut Musical de Faura des dels 7 anys, quan va comen\u00e7ar els seus estudis musicals en aquesta societat en els quals es va decantar pel saxo tenor. Entregada a la seua societat musical, actualment, toca en la Banda de Faura com a saxofonista tenor i \u00e9s la seua presidenta des de fa 16 anys.<\/p>\n<p><img fetchpriority=\"high\" decoding=\"async\" class=\"aligncenter size-large wp-image-11106\" src=\"https:\/\/fsmcv.org\/BTnet-storage\/wp-uploads\/2018\/12\/Fina-Go\u0301mez-711x1024.jpg\" alt=\"\" width=\"711\" height=\"1024\" title=\"\"><\/p>\n<p style=\"text-align: center;\"><em>Fina Go\u0301mez, presidenta comarcal del Camp de Morvedre<\/em><\/p>\n<p>Despr\u00e9s de la seua reelecci\u00f3 en el c\u00e0rrec, Fina G\u00f3mez ha destacat: \u201c<em>em sent molt agra\u00efda perqu\u00e8 sempre he sigut suportada per les 12 societats musicals de la comarca i sempre m&#8217;han demostrat molt d&#8217;afecte quan he anat a les seues societats. I, sincerament, sense eixe suport jo no podria treballar. Nom\u00e9s tinc paraules d&#8217;agra\u00efment<\/em>\u201d.<\/p>\n<p>\u201c<em>Aquest c\u00e0rrec \u00e9s una responsabilitat perqu\u00e8 tot funcione. La meua labor \u00e9s informar a les dotze societats musicals de subvencions, intercanvis, cert\u00e0mens, \u00e9s a dir, de totes les coses importants i interessants perqu\u00e8 les coneguen i les puguen utilitzar. \u00c9s un gran esfor\u00e7, que gr\u00e0cies al seu suport incondicional val la pena<\/em>&#8220;, ha afegit G\u00f3mez.<\/p>\n<p>Respecte al seu projecte laboral per a aquesta pr\u00f2xima candidatura, la presidenta comarcal ha declarat que es continuar\u00e0 en la mateixa l\u00ednia de treball, potenciant els Premis Orpheos i les activitats comarcals perqu\u00e8 les societats musicals continuen funcionant b\u00e9 i mantenint la relaci\u00f3 d&#8217;uni\u00f3 que s&#8217;ha creat i que \u00e9s tan important.<\/p>\n<p>Actualment, el Camp de Morvedre compta amb 12 Societats Musicals. Des de la FSMCV s&#8217;ha destacat que disposar d&#8217;una estructura comarcal \u00e9s la clau que converteix a les Societats Musicals en principal element vertebrador de la Comunitat Valenciana. De fet, un dels projectes m\u00e9s potents de la FSMCV \u00e9s el seu programa anual d&#8217;activitats comarcals que est\u00e0 destinat a arribar al m\u00e0xim nombre de municipis amb l&#8217;objectiu d&#8217;implicar en elles al major nombre possible d&#8217;actors socials.<\/p>\n<p><img decoding=\"async\" class=\"aligncenter size-large wp-image-11107\" src=\"https:\/\/fsmcv.org\/BTnet-storage\/wp-uploads\/2018\/12\/Representantes-de-las-doce-sociedades-comarcales-junto-a-Fina-Go\u0301mez-en-la-sede-de-la-Sociedad-Musical-UMP-1024x679.jpg\" alt=\"\" width=\"1024\" height=\"679\" title=\"\"><\/p>\n<h3>Sobre la FSMCV<\/h3>\n<p>La FSMCV, que en 2018 celebra el seu 50\u00e9 aniversari, agrupa 550 societats musicals i les seues escoles de m\u00fasica (el 50% d&#8217;Espanya), compta amb 40.000 m\u00fasics, 60.000 alumnes i m\u00e9s de 200.000 socis. Les Societats Musicals estan presents en el 95% dels municipis d&#8217;Alacant, Castell\u00f3 i Val\u00e8ncia de m\u00e9s de 500 habitants, conformen un projecte social i educatiu \u00fanic en el m\u00f3n i s\u00f3n el principal agent cultural de la Comunitat Valenciana, segons la Universitat de Val\u00e8ncia, i aporten anualment 40 milions d&#8217;euros al PIB de la Comunitat Valenciana.<\/p>\n","protected":false},"excerpt":{"rendered":"<p>Fina G\u00f3mez, que ha sigut reelegida amb el 100% dels vots, ser\u00e0 presidenta comarcal per quarta candidatura consecutiva. Des dels set anys pertany a la Societat Joventut Musical de Faura.<\/p>\n","protected":false},"author":2,"featured_media":0,"comment_status":"closed","ping_status":"closed","sticky":false,"template":"","format":"standard","meta":{"footnotes":""},"categories":[56],"tags":[],"class_list":["post-11105","post","type-post","status-publish","format-standard","hentry","category-societats-musicals"],"_links":{"self":[{"href":"https:\/\/fsmcv.org\/vl\/wp-json\/wp\/v2\/posts\/11105","targetHints":{"allow":["GET"]}}],"collection":[{"href":"https:\/\/fsmcv.org\/vl\/wp-json\/wp\/v2\/posts"}],"about":[{"href":"https:\/\/fsmcv.org\/vl\/wp-json\/wp\/v2\/types\/post"}],"author":[{"embeddable":true,"href":"https:\/\/fsmcv.org\/vl\/wp-json\/wp\/v2\/users\/2"}],"replies":[{"embeddable":true,"href":"https:\/\/fsmcv.org\/vl\/wp-json\/wp\/v2\/comments?post=11105"}],"version-history":[{"count":0,"href":"https:\/\/fsmcv.org\/vl\/wp-json\/wp\/v2\/posts\/11105\/revisions"}],"wp:attachment":[{"href":"https:\/\/fsmcv.org\/vl\/wp-json\/wp\/v2\/media?parent=11105"}],"wp:term":[{"taxonomy":"category","embeddable":true,"href":"https:\/\/fsmcv.org\/vl\/wp-json\/wp\/v2\/categories?post=11105"},{"taxonomy":"post_tag","embeddable":true,"href":"https:\/\/fsmcv.org\/vl\/wp-json\/wp\/v2\/tags?post=11105"}],"curies":[{"name":"wp","href":"https:\/\/api.w.org\/{rel}","templated":true}]}}