{"id":11131,"date":"2018-12-27T16:25:46","date_gmt":"2018-12-27T15:25:46","guid":{"rendered":"https:\/\/fsmcv.org\/?post_type=fsmcv-noticias&#038;p=11131"},"modified":"2021-03-29T11:40:10","modified_gmt":"2021-03-29T09:40:10","slug":"concedides-les-ajudes-per-a-la-compra-i-reposicio-dinstruments-del-2018","status":"publish","type":"post","link":"https:\/\/fsmcv.org\/vl\/convocatories-publiques\/concedides-les-ajudes-per-a-la-compra-i-reposicio-dinstruments-del-2018\/","title":{"rendered":"Concedides les ajudes per a la compra i reposici\u00f3 d&#8217;instruments del 2018"},"content":{"rendered":"<p>L&#8217;Institut Valenci\u00e0 de Cultura ha resolt ja la concessi\u00f3 de les subvencions per a la compra i reposici\u00f3 d&#8217;instruments musicals per part de les societats musicals per a l&#8217;exercici 2018.<\/p>\n<p>Aquestes ajudes es van convocar a l&#8217;agost del 2018, i el termini per sol\u00b7licitar-les va finalitzar el 24 de setembre. Es van presentar 153 sol\u00b7licituds per part de les societats musicals interessades.<\/p>\n<p>En total, s&#8217;han atorgat 215.000 euros per a la compra i reposici\u00f3 d&#8217;instruments.<\/p>\n<p>Als annexos de la resoluci\u00f3 figuren les societats musicals que han resultat beneficiades de les ajudes i tamb\u00e9 les que han estat excloses.<\/p>\n<p>Consulta la <a href=\"https:\/\/fsmcv.org\/BTnet-storage\/wp-uploads\/2018\/12\/20181224-Instrumentos.pdf\">resoluci\u00f3 completa de la concessi\u00f3 d&#8217;ajudes per a la compra i reposici\u00f3 d&#8217;instruments per al 2018 ac\u00ed<\/a>.<\/p>\n","protected":false},"excerpt":{"rendered":"<p>L&#8217;Institut Valenci\u00e0 de Cultura ha resolt la concessi\u00f3 d&#8217;aquestes subvencions, que es van convocar el mes d&#8217;agost del 2018 i que en total sumen 215.000 euros <\/p>\n","protected":false},"author":2,"featured_media":0,"comment_status":"closed","ping_status":"closed","sticky":false,"template":"","format":"standard","meta":{"footnotes":""},"categories":[45],"tags":[],"class_list":["post-11131","post","type-post","status-publish","format-standard","hentry","category-convocatories-publiques"],"_links":{"self":[{"href":"https:\/\/fsmcv.org\/vl\/wp-json\/wp\/v2\/posts\/11131","targetHints":{"allow":["GET"]}}],"collection":[{"href":"https:\/\/fsmcv.org\/vl\/wp-json\/wp\/v2\/posts"}],"about":[{"href":"https:\/\/fsmcv.org\/vl\/wp-json\/wp\/v2\/types\/post"}],"author":[{"embeddable":true,"href":"https:\/\/fsmcv.org\/vl\/wp-json\/wp\/v2\/users\/2"}],"replies":[{"embeddable":true,"href":"https:\/\/fsmcv.org\/vl\/wp-json\/wp\/v2\/comments?post=11131"}],"version-history":[{"count":0,"href":"https:\/\/fsmcv.org\/vl\/wp-json\/wp\/v2\/posts\/11131\/revisions"}],"wp:attachment":[{"href":"https:\/\/fsmcv.org\/vl\/wp-json\/wp\/v2\/media?parent=11131"}],"wp:term":[{"taxonomy":"category","embeddable":true,"href":"https:\/\/fsmcv.org\/vl\/wp-json\/wp\/v2\/categories?post=11131"},{"taxonomy":"post_tag","embeddable":true,"href":"https:\/\/fsmcv.org\/vl\/wp-json\/wp\/v2\/tags?post=11131"}],"curies":[{"name":"wp","href":"https:\/\/api.w.org\/{rel}","templated":true}]}}