{"id":11365,"date":"2019-01-15T13:23:02","date_gmt":"2019-01-15T12:23:02","guid":{"rendered":"https:\/\/fsmcv.org\/?post_type=fsmcv-noticias&#038;p=11365"},"modified":"2021-03-29T11:26:28","modified_gmt":"2021-03-29T09:26:28","slug":"master-class-direccio-banda-paulo-martins-societat-musical-alzira","status":"publish","type":"post","link":"https:\/\/fsmcv.org\/vl\/area-educativa-vl\/xarxa-centres-educatius\/master-class-direccio-banda-paulo-martins-societat-musical-alzira\/","title":{"rendered":"Master Class de Direcci\u00f3 de Banda amb Paulo Martins a la Societat Musical d&#8217;Alzira"},"content":{"rendered":"<p>La Societat Musical d&#8217;Alzira acollir\u00e0 la M\u00e0ster Class de Direcci\u00f3 de Banda Emusvall que se celebrar\u00e0 del 8 al 10 de febrer i que tindr\u00e0 al director Paulo Martins com a director principal.<\/p>\n<p>El curs tamb\u00e9 comptar\u00e0 amb els ensenyaments de dos grans de la direcci\u00f3 valenciana (a m\u00e9s de grans compositors): Jos\u00e9 Rafael Pascual Vilaplana, qui assistir\u00e0 com a professor convidat, i Ramon Garcia i Soler, director del curs.<\/p>\n<p>Podeu trobar tota la informaci\u00f3 i la inscripci\u00f3 a la M\u00e0ster Class en el seg\u00fcent enlla\u00e7: <a href=\"http:\/\/jjmmvallalbaida.wixsite.com\/direccion-de-banda\/copia-de-calendario-18-19\" target=\"_blank\" rel=\"noopener noreferrer\">http:\/\/jjmmvallalbaida.wixsite.com\/direccion-de-banda\/copia-de-calendario-18-19<\/a>, o b\u00e9 cridant per tel\u00e8fon a Emusvall al\u00a096 235 83 84.<\/p>\n<h3>Paulo Martins<\/h3>\n<p>Comen\u00e7a els seus estudis musicals amb saxofon, acabant els seus estudis en el Conservatori de M\u00fasica de Porto en la classe del professor Francisco Ferreira, amb les m\u00e9s altes qualificacions. Va continuar els seus estudis, ara amb el fagot, amb el professor Hugues Kesterman, ingressant posteriorment a l&#8217;Escola Superior de M\u00fasica i de les Arts de l&#8217;Espectacle (ESMAE) on obt\u00e9 la llicenciatura, havent-li sigut atorgat el Premi Fundaci\u00f3 Antonio de Almeida per haver-hi concl\u00f3s els seus estudis amb les m\u00e9s altes qualificacions en el curs 2000-2001.<\/p>\n<p>Paulo Martins decideix llavors perfeccionar-se a Alemanya on acaba en 2004 el curs de solista i mestre en perfom\u00e0ncia en la classe del professor Junter Pfitzenmaier, en la Hochschule f\u00fcr Musik Karlsruhe, tots dos amb la m\u00e0xima qualificaci\u00f3, havent sigut premiat amb l&#8217;enregistrament del Concerto de Mozart per a fagot, amb l&#8217;Orquestra de Cambra de la mateixa escola.<\/p>\n<p>Martins va ser premiat en diversos concursos: Joventuts Musical Portuguesa, Jovenes talentos dos CTT, Concurso do Conservat\u00f3rio de M\u00fasica do Porto i Concurso de Jovens dos Distritos de Coimbra e Aveiro. Tamb\u00e9 en el Certamen Internacional de Bandes de M\u00fasica de Val\u00e8ncia (Espanya) en 2002, 2005 e 2010, en el Certamen Internacional de Bandes de M\u00fasica Vila d&#8217;Altea en 2006 e 2007 i en el 2n i 4t Concurs de Bandes &#8211; Ateneu Art\u00edstic Vilafranquense.<\/p>\n<p>Com a solista, Paulo Martins s&#8217;ha presentat amb la Orquestra i Banda de Jovens de Santa Maria da Feira, Orquestra Sinfonieta, Orquestra ARTAVE, Orquestra de Cambra de la Staatliche Hoschule f\u00fcr Musik Karlsruhe (Alemanya). Aix\u00ed mateix va formar part de diverses Orquestres destacant la seua participaci\u00f3 regular amb la Orquestra Simf\u00f2nica do Porto Casa da M\u00fasica.<\/p>\n<p>Va estudiar direcci\u00f3 d&#8217;orquestra amb el mestre Oswaldo Ferreira i va participar en m\u00e0ster class en direcci\u00f3 d&#8217;orquestra i m\u00fasica de cambra amb els mestres Ernest Schelle, Eugene Corporon i Jorma Panula.<\/p>\n<p>En 2007 obt\u00e9 la titulaci\u00f3 de direcci\u00f3 d&#8217;orquestra amb el reconegut mestre Jan Cober en el Conservatori de Maastricht &#8211; Holanda, va tindre l&#8217;oportunitat de dirigir a la Orquestra de Sopros da Acad\u00e8mia de m\u00fasica de Castelo de Paiva, Orquestra do Sal\u00e3o Jardim Passos Manuel do Coliseu do Porte, Orquestra Ra\u00edzes Ib\u00e9ricas, Banda Simf\u00f2nica d&#8217;Alaqu\u00e0s (Val\u00e8ncia), Banda Simf\u00f2nica do Conservat\u00f3rio de M\u00fasica de Aveiro, Orquestra de Sopros da Escola Profissional de M\u00fasica de Viana do Castelo, Orquestra cl\u00e1ssica e Orquestra de Sopros do Instituto Piaget, Banda dos Loureiro de Palmela, Est\u00e1gio Ver\u00e3o Amizade, Banda Militar dos A\u00e7ores, Banda Militar do Porto, Orquestra de cordas da Academia de M\u00fasica de Santa Maria da Feira, a Orquestra Cl\u00e1ssica do Conservat\u00f3rio de M\u00fasica de Fornos, Banda Municipal de Pontevedra (Espanya), Banda da Guarda Nacional Republicana de Lisboa (GNR), Orquestra Cl\u00e1ssica da Madeira e Orquestra Nacional do Porto.<\/p>\n","protected":false},"excerpt":{"rendered":"<p>La Societat Musical d&#8217;Alzira acollir\u00e0 la M\u00e0ster Class de Direcci\u00f3 de Banda Emusvall que se celebrar\u00e0 del 8 al 10 de febrer i que tindr\u00e0 al director Paulo Martins com a director principal.<\/p>\n","protected":false},"author":2,"featured_media":0,"comment_status":"closed","ping_status":"closed","sticky":false,"template":"","format":"standard","meta":{"footnotes":""},"categories":[164],"tags":[],"class_list":["post-11365","post","type-post","status-publish","format-standard","hentry","category-xarxa-centres-educatius"],"_links":{"self":[{"href":"https:\/\/fsmcv.org\/vl\/wp-json\/wp\/v2\/posts\/11365","targetHints":{"allow":["GET"]}}],"collection":[{"href":"https:\/\/fsmcv.org\/vl\/wp-json\/wp\/v2\/posts"}],"about":[{"href":"https:\/\/fsmcv.org\/vl\/wp-json\/wp\/v2\/types\/post"}],"author":[{"embeddable":true,"href":"https:\/\/fsmcv.org\/vl\/wp-json\/wp\/v2\/users\/2"}],"replies":[{"embeddable":true,"href":"https:\/\/fsmcv.org\/vl\/wp-json\/wp\/v2\/comments?post=11365"}],"version-history":[{"count":0,"href":"https:\/\/fsmcv.org\/vl\/wp-json\/wp\/v2\/posts\/11365\/revisions"}],"wp:attachment":[{"href":"https:\/\/fsmcv.org\/vl\/wp-json\/wp\/v2\/media?parent=11365"}],"wp:term":[{"taxonomy":"category","embeddable":true,"href":"https:\/\/fsmcv.org\/vl\/wp-json\/wp\/v2\/categories?post=11365"},{"taxonomy":"post_tag","embeddable":true,"href":"https:\/\/fsmcv.org\/vl\/wp-json\/wp\/v2\/tags?post=11365"}],"curies":[{"name":"wp","href":"https:\/\/api.w.org\/{rel}","templated":true}]}}