{"id":11371,"date":"2019-01-15T14:11:59","date_gmt":"2019-01-15T13:11:59","guid":{"rendered":"https:\/\/fsmcv.org\/?post_type=fsmcv-noticias&#038;p=11371"},"modified":"2021-04-07T18:32:16","modified_gmt":"2021-04-07T16:32:16","slug":"33-societats-musicals-horta-sud-elegeixen-vicente-lluna-president-comarcal-2018-2022","status":"publish","type":"post","link":"https:\/\/fsmcv.org\/vl\/societats-musicals\/33-societats-musicals-horta-sud-elegeixen-vicente-lluna-president-comarcal-2018-2022\/","title":{"rendered":"Les 33 societats musicals de L&#8217;Horta Sud elegeixen Vicente Lluna com a president comarcal per als pr\u00f2xims quatre anys"},"content":{"rendered":"<p>Les Societats Musicals de la comarca de L&#8217;Horta Sud han elegit Vicente Lluna com a president comarcal de la FSMCV. Aquesta acci\u00f3 forma part del proc\u00e9s democr\u00e0tic de la Federaci\u00f3 per a configurar tota la seua estructura que, a m\u00e9s de Junta Directiva, compta amb 30 presid\u00e8ncies comarcals i 3 presidents provincials.<\/p>\n<p>Les eleccions dels nous presidents comarcals de la FSMCV s&#8217;han celebrat despr\u00e9s de la votaci\u00f3, el passat 6 d&#8217;octubre en el Palau de Congressos de Val\u00e8ncia, de la nova Junta Directiva de la Federaci\u00f3 per als pr\u00f2xims 4 anys, que ser\u00e0 presidida de nou per Pedro Rodr\u00edguez.<\/p>\n<p>Vicente Lluna, que ha sigut elegit pel 100% dels vots, pertany des de 1999 al C\u00edrculo Instructivo Musical de Xirivella i \u00e9s m\u00fasic de la seua banda titular des de 2001.<\/p>\n<p><img fetchpriority=\"high\" decoding=\"async\" class=\"aligncenter size-large wp-image-11372\" src=\"https:\/\/fsmcv.org\/BTnet-storage\/wp-uploads\/2019\/01\/PC-Horta-Sud_Vicente-Lluna_FSMCV-576x1024.jpg\" alt=\"\" width=\"576\" height=\"1024\" title=\"\"><\/p>\n<p style=\"text-align: center;\"><em>Vicente Lluna, president comarcal de L&#8217;Horta Sud<\/em><\/p>\n<p>\u201c<em>Un dels meus principals objectius i de la Junta Comarcal \u00e9s intentar acostar el m\u00e0xim possible la Federaci\u00f3 al m\u00fasic i viceversa, que la FSMCV siga coneguda per tots els m\u00fasics que formen part de les societats musicals i que, per tant, se senten integrats dins d&#8217;aquest col\u00b7lectiu. Per aix\u00f2, una de les principals l\u00ednies de treball per a aquestos pr\u00f2xims anys \u00e9s l&#8217;intentar preparar activitats comarcals que vagen dirigides a tots els components de les societats musicals com, per exemple, continuar amb les Trobades de Joves Int\u00e8rprets per a real\u00e7ar el paper dels educands que es troben en les seues primeres etapes de formaci\u00f3 a les Escoles de M\u00fasica, com a pilars del futur de les nostres bandes de m\u00fasica<\/em>\u201d, ha declarat Vicente Lluna.<\/p>\n<p>\u201c<em>D&#8217;altra banda, volem continuar amb l&#8217;activitat per excel\u00b7l\u00e8ncia de la comarca que \u00e9s la Trobada de Bandes Juvenils. Aquesta est\u00e0 dirigida als m\u00fasics m\u00e9s joves que ja pertanyen a les Bandes Juvenils. Tamb\u00e9 volem continuar impulsant les Trobades d&#8217;Orquestres i Cors. \u00c9s una acci\u00f3 dirigida a les noves agrupacions art\u00edstiques que estan naixent i agafant molta rellev\u00e0ncia en les nostres societats musicals<\/em>\u201d, ha continuat Lluna.<\/p>\n<p>Actualment, la comarca de L&#8217;Horta Sud compta amb 33 Societats Musicals. Des de la FSMCV s&#8217;ha destacat que disposar d&#8217;una estructura comarcal \u00e9s la clau que converteix a les Societats Musicals en principal element vertebrador de la Comunitat Valenciana. De fet, un dels projectes m\u00e9s potents de la FSMCV \u00e9s el seu programa anual d&#8217;activitats comarcals que est\u00e0 destinat a arribar al m\u00e0xim nombre de municipis amb l&#8217;objectiu d&#8217;implicar en elles al major nombre possible d&#8217;actors socials.<\/p>\n<h3>Sobre la FSMCV<\/h3>\n<p>La FSMCV, que en 2018 celebra el seu 50\u00e9 aniversari, agrupa 550 societats musicals i les seues escoles de m\u00fasica (el 50% d&#8217;Espanya), compta amb 40.000 m\u00fasics, 60.000 alumnes i m\u00e9s de 200.000 socis. Les Societats Musicals estan presents en el 95% dels municipis d&#8217;Alacant, Castell\u00f3 i Val\u00e8ncia de m\u00e9s de 500 habitants, conformen un projecte social i educatiu \u00fanic en el m\u00f3n i s\u00f3n el principal agent cultural de la Comunitat Valenciana, segons la Universitat de Val\u00e8ncia, i aporten anualment 40 milions d&#8217;euros al PIB de la Comunitat Valenciana.<\/p>\n","protected":false},"excerpt":{"rendered":"<p>Vicente Lluna, que ha rebut el 100% dels vots, pertany al C\u00edrculo Instructivo Musical de Xirivella des de 1999.<\/p>\n","protected":false},"author":2,"featured_media":0,"comment_status":"closed","ping_status":"closed","sticky":false,"template":"","format":"standard","meta":{"footnotes":""},"categories":[56],"tags":[],"class_list":["post-11371","post","type-post","status-publish","format-standard","hentry","category-societats-musicals"],"_links":{"self":[{"href":"https:\/\/fsmcv.org\/vl\/wp-json\/wp\/v2\/posts\/11371","targetHints":{"allow":["GET"]}}],"collection":[{"href":"https:\/\/fsmcv.org\/vl\/wp-json\/wp\/v2\/posts"}],"about":[{"href":"https:\/\/fsmcv.org\/vl\/wp-json\/wp\/v2\/types\/post"}],"author":[{"embeddable":true,"href":"https:\/\/fsmcv.org\/vl\/wp-json\/wp\/v2\/users\/2"}],"replies":[{"embeddable":true,"href":"https:\/\/fsmcv.org\/vl\/wp-json\/wp\/v2\/comments?post=11371"}],"version-history":[{"count":0,"href":"https:\/\/fsmcv.org\/vl\/wp-json\/wp\/v2\/posts\/11371\/revisions"}],"wp:attachment":[{"href":"https:\/\/fsmcv.org\/vl\/wp-json\/wp\/v2\/media?parent=11371"}],"wp:term":[{"taxonomy":"category","embeddable":true,"href":"https:\/\/fsmcv.org\/vl\/wp-json\/wp\/v2\/categories?post=11371"},{"taxonomy":"post_tag","embeddable":true,"href":"https:\/\/fsmcv.org\/vl\/wp-json\/wp\/v2\/tags?post=11371"}],"curies":[{"name":"wp","href":"https:\/\/api.w.org\/{rel}","templated":true}]}}