{"id":11607,"date":"2019-02-04T09:24:05","date_gmt":"2019-02-04T08:24:05","guid":{"rendered":"https:\/\/fsmcv.org\/?post_type=fsmcv-noticias&#038;p=11607"},"modified":"2020-09-27T18:17:59","modified_gmt":"2020-09-27T18:17:59","slug":"orquesta-sinfonica-bankia-osb-abre-proceso-seleccion-jovenes-musicos-2019","status":"publish","type":"post","link":"https:\/\/fsmcv.org\/vl\/certamens\/orquesta-sinfonica-bankia-osb-abre-proceso-seleccion-jovenes-musicos-2019\/","title":{"rendered":"L&#8217;Orquestra Simf\u00f2nica de Bankia (OSB) obri un nou proc\u00e9s de selecci\u00f3 per a cobrir vacants de joves m\u00fasics"},"content":{"rendered":"<p>L&#8217;Orquestra Simf\u00f2nica de Bankia (OSB) ha convocat, per cinqu\u00e9 any consecutiu, les proves d&#8217;admissi\u00f3 per a cobrir les vacants en la seua plantilla i la seua borsa d&#8217;instrumentistes des del pr\u00f2xim mes de mar\u00e7 i fins a desembre de 2020.<\/p>\n<p>La convocat\u00f2ria est\u00e0 dirigida a joves amb edats compreses entre els 22 i 31 anys i en possessi\u00f3 del T\u00edtol Superior de M\u00fasica o en condicions d&#8217;obtindre&#8217;l abans de la data de realitzaci\u00f3 de les audicions. Els aspirants podran accedir a les especialitats instrumentals de viol\u00ed, viola, violoncel, contrabaix, flauta, obo\u00e9, clarinet, fagot, trompa, tromb\u00f3, tromb\u00f3 baix i trompeta.<\/p>\n<p>L&#8217;enviament de la sol\u00b7licitud es far\u00e0 \u00fanicament de forma telem\u00e0tica enviant un correu electr\u00f2nic a la direcci\u00f3 <a href=\"mailto:admisiones@osbenaccion.com\">admisiones@osbenaccion.com<\/a> amb la documentaci\u00f3 recollida en les bases de la convocat\u00f2ria que poden trobar-se al final d&#8217;aquesta not\u00edcia.<\/p>\n<p><strong>Fins al pr\u00f2xim 11 de febrer est\u00e0 obert el termini <\/strong>per a presentar sol\u00b7licituds. Una vegada acabat aquest per\u00edode, es dur\u00e0 a terme la selecci\u00f3 dels candidats que seran convocats a les proves de les audicions que es desenvoluparan a mitjan mar\u00e7 a Madrid.<\/p>\n<p>Amb aquest proc\u00e9s de selecci\u00f3, Bankia contribueix a la formaci\u00f3 de m\u00fasics en l&#8217;etapa pr\u00e8via a l&#8217;exercici de la seua professi\u00f3, oferint l&#8217;oportunitat de comptar amb un treball en el qual puguen desenvolupar-se professionalment.<\/p>\n<p>La pertinen\u00e7a a la borsa d&#8217;instrumentistes o a la plantilla podr\u00e0 prorrogar-se si aix\u00ed ho contemplen les successives convocat\u00f2ries de les proves d&#8217;admissi\u00f3.<\/p>\n<h3 class=\"tipo2\">Projecte social de l&#8217;Orquestra Simf\u00f2nica de Bankia<\/h3>\n<p>L&#8217;OSB, dirigida art\u00edstica i musicalment per <strong>Jos\u00e9 Sanch\u00eds<\/strong>, t\u00e9 com a objectiu fonamental acostar la m\u00fasica com a llenguatge universal al conjunt de la societat espanyola, fomentant i difonent les seues activitats musicals, simf\u00f2niques, l\u00edriques o camer\u00edstiques.<\/p>\n<p>Al mateix temps, assumeix com a reptes el descobriment del talent musical, la formaci\u00f3 cont\u00ednua i la inserci\u00f3 laboral de joves instrumentistes d&#8217;elit que hagen finalitzat el seu per\u00edode de formaci\u00f3 reglada.<\/p>\n<p>A m\u00e9s, l&#8217;OSB ofereix la promoci\u00f3 i el suport als seus membres a trav\u00e9s de l&#8217;activitat professional i la col\u00b7laboraci\u00f3 dins d&#8217;aquesta activitat de solistes de reconegut prestigi nacional i internacional. Durant el temps de perman\u00e8ncia en l&#8217;orquestra, els integrants de la mateixa seran remunerats econ\u00f2micament pels serveis prestats.<\/p>\n<h3>Documentaci\u00f3<\/h3>\n<p><a href=\"https:\/\/fsmcv.org\/BTnet-storage\/wp-uploads\/2019\/02\/BASES-DE-LA-CONVOCATORIA-OSB-2019.pdf\" target=\"_blank\" rel=\"noopener noreferrer\">Descarrega les bases de la convocat\u00f2ria. [PDF]<\/a><\/p>\n<p><a href=\"https:\/\/fsmcv.org\/BTnet-storage\/wp-uploads\/2019\/02\/ANEXO-III-Formulario-de-incripci\u00f3n_2019.pdf\" target=\"_blank\" rel=\"noopener noreferrer\">Descarrega el formulari d&#8217;inscripci\u00f3. [PDF]<\/a><\/p>\n","protected":false},"excerpt":{"rendered":"<p>El termini de sol\u00b7licituds est\u00e0 obert fins al pr\u00f2xim 11 de febrer i a la convocat\u00f2ria es poden presentar joves entre els 22 i 31 anys i en possessi\u00f3 del T\u00edtol Superior de M\u00fasica.<\/p>\n","protected":false},"author":2,"featured_media":0,"comment_status":"closed","ping_status":"closed","sticky":false,"template":"","format":"standard","meta":{"footnotes":""},"categories":[],"tags":[],"class_list":["post-11607","post","type-post","status-publish","format-standard","hentry"],"_links":{"self":[{"href":"https:\/\/fsmcv.org\/vl\/wp-json\/wp\/v2\/posts\/11607","targetHints":{"allow":["GET"]}}],"collection":[{"href":"https:\/\/fsmcv.org\/vl\/wp-json\/wp\/v2\/posts"}],"about":[{"href":"https:\/\/fsmcv.org\/vl\/wp-json\/wp\/v2\/types\/post"}],"author":[{"embeddable":true,"href":"https:\/\/fsmcv.org\/vl\/wp-json\/wp\/v2\/users\/2"}],"replies":[{"embeddable":true,"href":"https:\/\/fsmcv.org\/vl\/wp-json\/wp\/v2\/comments?post=11607"}],"version-history":[{"count":0,"href":"https:\/\/fsmcv.org\/vl\/wp-json\/wp\/v2\/posts\/11607\/revisions"}],"wp:attachment":[{"href":"https:\/\/fsmcv.org\/vl\/wp-json\/wp\/v2\/media?parent=11607"}],"wp:term":[{"taxonomy":"category","embeddable":true,"href":"https:\/\/fsmcv.org\/vl\/wp-json\/wp\/v2\/categories?post=11607"},{"taxonomy":"post_tag","embeddable":true,"href":"https:\/\/fsmcv.org\/vl\/wp-json\/wp\/v2\/tags?post=11607"}],"curies":[{"name":"wp","href":"https:\/\/api.w.org\/{rel}","templated":true}]}}