{"id":1169,"date":"2016-07-07T18:48:12","date_gmt":"2016-07-07T16:48:12","guid":{"rendered":"http:\/\/fsmcv.org\/?post_type=fsmcv-noticias&#038;p=1169"},"modified":"2020-09-27T18:20:05","modified_gmt":"2020-09-27T18:20:05","slug":"concierto-de-intercambios-musicales-de-laranya-de-albaida-y-la-sim-de-benigamin","status":"publish","type":"post","link":"https:\/\/fsmcv.org\/vl\/noticies-campanyes\/musica-a-la-llum\/concierto-de-intercambios-musicales-de-laranya-de-albaida-y-la-sim-de-benigamin\/","title":{"rendered":"[:es]Concierto de Intercambios Musicales de \u201cL\u2019Aranya\u201d de Albaida y la SIM de Benig\u00e0min [:]"},"content":{"rendered":"<p>Benig\u00e0mim y Albaida, 7 de juliol de 2016<\/p>\n<p>Les Bandes Joves de La Uni\u00f3 Musical d\u2019Albaida \u201cl\u2019Aranya\u201d i de la Societat Instructiva Musical de Benig\u00e0nim participen en el XIII programa de concerts d\u2019Intercanvis Musicals\u201916 de la FSMCV.<\/p>\n<p>El pr\u00f2xim dissabte 9 de juliol a les 12:00h a l\u2019Auditori de Benig\u00e0nim i el diumenge dia 10 de juliol a les 20:00\u202fh en la seu social de La Uni\u00f3 Musical d\u2019Albaida \u201cl\u2019Aranya\u201d se celebraran els concerts d\u2019Intercanvis que organitza la FSMCV per les dues bandes Joves de la S.I.M i de l\u2019Aranya.<\/p>\n<p>La Banda Jove de la Uni\u00f3 Musical d\u2019Albaida l\u2019Aranya sota la direcci\u00f3 de Cesar Roig Espi ha preparat un repertori divers que va des del pasdoble de D. Fernando Tormo Iba\u00f1ez, \u201cPilar\u201d fins a obres de Johan de Meij, Robert W. Smith i Paul Murtha.<\/p>\n<p>La Banda Jove de la Societat Instructiva Musical de Benig\u00e0nim sota la direcci\u00f3 de Jos\u00e9 Rafael Albert i Guerola tamb\u00e9 han preparat un gran repert\u00f2ri que va des de \u201cLa Rodana\u201d de Ferrer Ferran fins a obres de Azael Tormo, Juan D. Jover i Ted Huggens.<\/p>\n<p>La potenciaci\u00f3 de les bandes joves de les Societats Musicals \u00e9s una tasca imprescindible per assegurar el futur de les nostres Bandes i posar de relleu la import\u00e0ncia que tenen hui en dia en els nostres pobles desenvolupant una tasca educativa i cultural de primer ordre, tanmateix contribueixen a valorar la declaraci\u00f3 com a B\u00e9 de Rellev\u00e0ncia Local que s\u00f3n les Societats Musicals Valencianes i perqu\u00e8 els ajuntaments s\u2019impliquen en la seua protecci\u00f3<\/p>\n","protected":false},"excerpt":{"rendered":"<p>Dissabte 9 de juliol a les 12:00h a l\u2019Auditori de Benig\u00e0nim i el diumenge dia 10 de juliol a les 20:00\u202fh en la seu social de La Uni\u00f3 Musical d\u2019Albaida \u201cl\u2019Aranya\u201d se celebraran els concerts d\u2019Intercanvis que organitza la FSMCV per les dues bandes Jov<\/p>\n","protected":false},"author":2,"featured_media":0,"comment_status":"closed","ping_status":"closed","sticky":false,"template":"","format":"standard","meta":{"footnotes":""},"categories":[10],"tags":[],"class_list":["post-1169","post","type-post","status-publish","format-standard","hentry","category-musica-a-la-llum"],"_links":{"self":[{"href":"https:\/\/fsmcv.org\/vl\/wp-json\/wp\/v2\/posts\/1169","targetHints":{"allow":["GET"]}}],"collection":[{"href":"https:\/\/fsmcv.org\/vl\/wp-json\/wp\/v2\/posts"}],"about":[{"href":"https:\/\/fsmcv.org\/vl\/wp-json\/wp\/v2\/types\/post"}],"author":[{"embeddable":true,"href":"https:\/\/fsmcv.org\/vl\/wp-json\/wp\/v2\/users\/2"}],"replies":[{"embeddable":true,"href":"https:\/\/fsmcv.org\/vl\/wp-json\/wp\/v2\/comments?post=1169"}],"version-history":[{"count":0,"href":"https:\/\/fsmcv.org\/vl\/wp-json\/wp\/v2\/posts\/1169\/revisions"}],"wp:attachment":[{"href":"https:\/\/fsmcv.org\/vl\/wp-json\/wp\/v2\/media?parent=1169"}],"wp:term":[{"taxonomy":"category","embeddable":true,"href":"https:\/\/fsmcv.org\/vl\/wp-json\/wp\/v2\/categories?post=1169"},{"taxonomy":"post_tag","embeddable":true,"href":"https:\/\/fsmcv.org\/vl\/wp-json\/wp\/v2\/tags?post=1169"}],"curies":[{"name":"wp","href":"https:\/\/api.w.org\/{rel}","templated":true}]}}