{"id":1172,"date":"2016-07-07T18:49:25","date_gmt":"2016-07-07T16:49:25","guid":{"rendered":"http:\/\/fsmcv.org\/?post_type=fsmcv-noticias&#038;p=1172"},"modified":"2020-09-27T18:20:14","modified_gmt":"2020-09-27T18:20:14","slug":"iii-gala-de-la-musica-de-la-unio-musical-de-moncada-i-premis-fideus","status":"publish","type":"post","link":"https:\/\/fsmcv.org\/vl\/noticies-campanyes\/musica-a-la-llum\/iii-gala-de-la-musica-de-la-unio-musical-de-moncada-i-premis-fideus\/","title":{"rendered":"III Gala de la M\u00fasica de la Uni\u00f3 Musical de Moncada i Premis Fideus"},"content":{"rendered":"<p>Montcada, 7 de juliol de 2016<\/p>\n<p>La Uni\u00f3 Musical de Moncada t\u00e9 el plaer de convidar-vos a la 3\u00aa Gala de la M\u00fasica que es celebrar\u00e0 el dissabte 9 de juliol a les 19,30 h al Mercat Vell de Moncada. En aquesta gala es far\u00e0 el llirament dels &#8220;PREMIS FIDEUS&#8221; en diferentes categories:<\/p>\n<p>&#8211; Premi Fideu al soci d&#8217;honor: VICENTE BENEDICTO TENA<\/p>\n<p>&#8211; Premi FIdeu a la creaci\u00f3 musical: FRANCISCO JOS\u00c9 MARTINEZ GALLEGO<\/p>\n<p>&#8211; Premi Fideu al m\u00fasic de la banda:JOSEMIGUEL BLANCO SERRANO<\/p>\n<p>&#8211; Premi FIdeu a la instituci\u00f3 de Moncada: ASSOCIACI\u00d3 DE COMERCIANTS<\/p>\n<p>&#8211; Premi Fideu a la traject\u00f2ria musical: AMPARO MART\u00cdNEZ ANDR\u00c9S<\/p>\n<p>&#8211; Premi Fideu al ve\u00ed de Moncada (que contribueix en agrandir el nom del nostre poble: M\u00aa JOSEFA MONTAGUT MARINER<\/p>\n<p>&#8211; Premi Fideu Extraordinari: CLUB DE GIMN\u00c0STICA MONCADA i ANTONIO CASA\u00d1A GARGALLO<\/p>\n<p>Aix\u00ed mateix els alumnes guanyadors del Premi JOSE MIGUEL SANCHEZ RUIZ, actuaren durant la gala, i rebran els seus premis. La banda simf\u00f2nica de la Uni\u00f3 MUSICAL DE MONTCADA, oferir\u00e0 un concert que comptara amb la pres\u00e8ncia especial com a DIRECTOR CONVIDAT, en la primera part del m\u00fasic de la nostra banda i trompeta de l&#8217;orquestra nacional d&#8217;Espanya, Vicente Mart\u00ednez Andr\u00e9s, que dirigira el pasdoble AGUERO, l&#8217;intermedi de la sarsuela LA PICARA MOLINERA i la FIRST SUITE PER A BANDA MILITAR de Gustav Holst. En la segona part la banda interpretara el pasdoble de concert DEIXA ANAR CORDOVESA, del compositor premiat MARTINEZ GALLEGO, l&#8217;obra FATE OF THE GODS de Steve Reineke, sota la batuta del seu director titular D. VICENT ROIG GIMENO.<\/p>\n<p>Per a finalitzar la gala se celebrara posteriorment un sopar de germanor. En aquesta gala es pret\u00e9n homenatjar en diferents categories a entitats, institucions, &#8230;. per\u00f2 sobretot a persones que han sigut rellevants en la hist\u00f2ria de la societat o de la ciutat<\/p>\n","protected":false},"excerpt":{"rendered":"<p>El dissabte 9 de juliol a les 19,30 h al Mercat Vell de Moncada<\/p>\n","protected":false},"author":2,"featured_media":0,"comment_status":"closed","ping_status":"closed","sticky":false,"template":"","format":"standard","meta":{"footnotes":""},"categories":[10],"tags":[],"class_list":["post-1172","post","type-post","status-publish","format-standard","hentry","category-musica-a-la-llum"],"_links":{"self":[{"href":"https:\/\/fsmcv.org\/vl\/wp-json\/wp\/v2\/posts\/1172","targetHints":{"allow":["GET"]}}],"collection":[{"href":"https:\/\/fsmcv.org\/vl\/wp-json\/wp\/v2\/posts"}],"about":[{"href":"https:\/\/fsmcv.org\/vl\/wp-json\/wp\/v2\/types\/post"}],"author":[{"embeddable":true,"href":"https:\/\/fsmcv.org\/vl\/wp-json\/wp\/v2\/users\/2"}],"replies":[{"embeddable":true,"href":"https:\/\/fsmcv.org\/vl\/wp-json\/wp\/v2\/comments?post=1172"}],"version-history":[{"count":0,"href":"https:\/\/fsmcv.org\/vl\/wp-json\/wp\/v2\/posts\/1172\/revisions"}],"wp:attachment":[{"href":"https:\/\/fsmcv.org\/vl\/wp-json\/wp\/v2\/media?parent=1172"}],"wp:term":[{"taxonomy":"category","embeddable":true,"href":"https:\/\/fsmcv.org\/vl\/wp-json\/wp\/v2\/categories?post=1172"},{"taxonomy":"post_tag","embeddable":true,"href":"https:\/\/fsmcv.org\/vl\/wp-json\/wp\/v2\/tags?post=1172"}],"curies":[{"name":"wp","href":"https:\/\/api.w.org\/{rel}","templated":true}]}}