{"id":1175,"date":"2016-07-06T18:50:50","date_gmt":"2016-07-06T16:50:50","guid":{"rendered":"http:\/\/fsmcv.org\/?post_type=fsmcv-noticias&#038;p=1175"},"modified":"2020-09-27T18:20:22","modified_gmt":"2020-09-27T18:20:22","slug":"festival-de-bandes-destiu-de-les-bandes-simfoniques-de-lam-los-silos-de-burjassot-i-la-sm-de-sogorb","status":"publish","type":"post","link":"https:\/\/fsmcv.org\/vl\/noticies-campanyes\/musica-a-la-llum\/festival-de-bandes-destiu-de-les-bandes-simfoniques-de-lam-los-silos-de-burjassot-i-la-sm-de-sogorb\/","title":{"rendered":"Festival de Bandes d&#8217;Estiu de les Bandes Simf\u00f2niques de l&#8217;AM &#8220;Los Silos&#8221; de Burjassot i la SM de Sogorb."},"content":{"rendered":"<p>Sogorb, 6 de juliol de 2016<\/p>\n<p>Diumenge que ve, 10 de juliol, se celebrar\u00e0 el Festival de Bandes d&#8217;Estiu, a Sogorb, en l&#8217;Auditori &#8220;Salvador Segu\u00ed&#8221; del municipio, a les 19.00h. Els seus protagonistes, les Bandes Simf\u00f2niques de l&#8217;Agrupaci\u00f3 Musical &#8220;Los Silos&#8221; de Burjassot i la Societat Musical de Sogorb.<\/p>\n<p>PROGRAMA:<\/p>\n<p>I PARTE<\/p>\n<p>AGRUPACI\u00d3N MUSICAL \u201cLOS SILOS\u201d DE BURJASSOT<\/p>\n<p>Gloria Ram\u00edrez (ps)&#8230;&#8230;&#8230;&#8230;&#8230;&#8230;&#8230;&#8230; Rafael Talens Pell\u00f3<\/p>\n<p>\u201cPoema Sanf\u00e9rmico\u201d&#8230;&#8230;&#8230;&#8230;&#8230;&#8230;&#8230; Jos\u00e9 Vicente Egea Insa<\/p>\n<p>Phobos Symphony n\u00aa 3&#8230;&#8230;&#8230;&#8230;&#8230;&#8230;&#8230;&#8230; Jos\u00e9 S\u00fa\u00f1er Oriola<\/p>\n<p>Director: Javier L\u00f3pez Sal\u00f3n<\/p>\n<p>II PARTE<\/p>\n<p>SOCIEDAD MUSICAL DE SEGORBE<\/p>\n<p>Gloria al trabajo (ps)&#8230;&#8230;&#8230;&#8230;&#8230;&#8230;&#8230;&#8230;..Jaime Teixidor<\/p>\n<p>M\u00edticaventura&#8230;&#8230;&#8230;&#8230;&#8230;&#8230;&#8230;&#8230;&#8230;&#8230;&#8230;.. Ferrer Ferr\u00e1n<\/p>\n<p>Director: Josep Miquel Mart\u00ednez Gim\u00e9nez<\/p>\n<p>PROGRAMA<\/p>\n<p>I PARTE<\/p>\n<p>AGRUPACI\u00d3N MUSICAL \u201cLOS SILOS\u201d DE BURJASSOT<\/p>\n<p>Gloria Ram\u00edrez (ps)&#8230;&#8230;&#8230;&#8230;&#8230;&#8230;&#8230;&#8230;&#8230;&#8230;&#8230;&#8230;&#8230;Rafael Talens Pell\u00f3<\/p>\n<p>\u201cPoema Sanf\u00e9rmico\u201d&#8230;&#8230;&#8230;&#8230;&#8230;&#8230;&#8230;&#8230;&#8230;&#8230;&#8230;&#8230;. Jos\u00e9 Vicente Egea Insa<\/p>\n<p>Phobos Symphony n\u00aa 3&#8230;&#8230;&#8230;&#8230;&#8230;&#8230;&#8230;&#8230;&#8230;&#8230;&#8230;&#8230; Jos\u00e9 S\u00fa\u00f1er Oriola<\/p>\n<p>Director: Javier L\u00f3pez Sal\u00f3n<\/p>\n<p>II PARTE<\/p>\n<p>SOCIEDAD MUSICAL DE SEGORBE<\/p>\n<p>Gloria al trabajo (ps)&#8230;&#8230;&#8230;&#8230;&#8230;&#8230;&#8230;&#8230;&#8230;&#8230;Jaime Teixidor<\/p>\n<p>M\u00edticaventura&#8230;&#8230;&#8230;&#8230;&#8230;&#8230;&#8230;&#8230;&#8230;&#8230;&#8230;&#8230;&#8230; Ferrer Ferr\u00e1n<\/p>\n<p>Director: Josep Miquel Mart\u00ednez Gim\u00e9nez<\/p>\n","protected":false},"excerpt":{"rendered":"<p>Diumenge que ve, 10 de juliol, se celebrar\u00e0 el Festival de Bandes d&#8217;Estiu, a Sogorb, en l&#8217;Auditori &#8220;Salvador Segu\u00ed&#8221; del municipio, a les 19.00h.<\/p>\n","protected":false},"author":2,"featured_media":0,"comment_status":"closed","ping_status":"closed","sticky":false,"template":"","format":"standard","meta":{"footnotes":""},"categories":[10],"tags":[],"class_list":["post-1175","post","type-post","status-publish","format-standard","hentry","category-musica-a-la-llum"],"_links":{"self":[{"href":"https:\/\/fsmcv.org\/vl\/wp-json\/wp\/v2\/posts\/1175","targetHints":{"allow":["GET"]}}],"collection":[{"href":"https:\/\/fsmcv.org\/vl\/wp-json\/wp\/v2\/posts"}],"about":[{"href":"https:\/\/fsmcv.org\/vl\/wp-json\/wp\/v2\/types\/post"}],"author":[{"embeddable":true,"href":"https:\/\/fsmcv.org\/vl\/wp-json\/wp\/v2\/users\/2"}],"replies":[{"embeddable":true,"href":"https:\/\/fsmcv.org\/vl\/wp-json\/wp\/v2\/comments?post=1175"}],"version-history":[{"count":0,"href":"https:\/\/fsmcv.org\/vl\/wp-json\/wp\/v2\/posts\/1175\/revisions"}],"wp:attachment":[{"href":"https:\/\/fsmcv.org\/vl\/wp-json\/wp\/v2\/media?parent=1175"}],"wp:term":[{"taxonomy":"category","embeddable":true,"href":"https:\/\/fsmcv.org\/vl\/wp-json\/wp\/v2\/categories?post=1175"},{"taxonomy":"post_tag","embeddable":true,"href":"https:\/\/fsmcv.org\/vl\/wp-json\/wp\/v2\/tags?post=1175"}],"curies":[{"name":"wp","href":"https:\/\/api.w.org\/{rel}","templated":true}]}}