{"id":1178,"date":"2016-07-06T18:52:18","date_gmt":"2016-07-06T16:52:18","guid":{"rendered":"http:\/\/fsmcv.org\/?post_type=fsmcv-noticias&#038;p=1178"},"modified":"2020-09-27T18:20:28","modified_gmt":"2020-09-27T18:20:28","slug":"la-societat-filharmonica-alteanense-ofereix-4-concerts-a-musica-a-boqueta-nit","status":"publish","type":"post","link":"https:\/\/fsmcv.org\/vl\/noticies-campanyes\/musica-a-la-llum\/la-societat-filharmonica-alteanense-ofereix-4-concerts-a-musica-a-boqueta-nit\/","title":{"rendered":"La Societat Filharm\u00f2nica Alteanense ofereix 4 concerts a &#8220;M\u00fasica a Boqueta Nit&#8221;"},"content":{"rendered":"<p>Altea, 6 de juliol de 2016<\/p>\n<p>De nou arriba l&#8217;estiu i amb ell les activitats musicals pr\u00f2pies de l&#8217;\u00e8poca &#8230; torna &#8220;M\u00fasica a Boqueta Nit&#8221;.<\/p>\n<p>Per tercera edici\u00f3 consecutiva, la SFA s&#8217;enfunda l&#8217;uniforme de treball amb grans il\u00b7lusions i motivaci\u00f3 per tornar a un espai id\u00edl\u00b7lic: la &#8220;Pla\u00e7a de l&#8217;Aigua&#8221;, on presenta quatre espectacles dins de la programaci\u00f3 estival de la Regidoria de Cultura de l&#8217;Ajuntament d&#8217;Altea.<\/p>\n<p>La proposta de la SFA \u00e9s diversa en estils i agrupacions que segur faran gaudir al p\u00fablic assistent amb el recorregut musical seg\u00fcent:<\/p>\n<p><b>7 de juliol<\/b>: &#8220;Orquestra Blava&#8221; de la SFA. La Filharm\u00f2nica ha rescatat per aquesta ocasi\u00f3 un llegendari projecte musical, &#8220;la Orquesta Azul\u201d, que en els anys 50 i 60 van veure passejar-se per les dues marines una agrupaci\u00f3 d&#8217;amics m\u00fasics de la Filharm\u00f2nica, amb temes musicals que abasten des de pasdobles, txa-txa-txa, mambos, etc &#8230; Tot aix\u00f2 amb un nou grup de m\u00fasics i companys de la SFA.<\/p>\n<p><b>14 de juliol<\/b>: SFA Clarinet Orquestra &#8211; SFA Sax-Ensemble. Ser\u00e0 el moment de dues agrupacions de cambra de la SFA que desitgen retre un petit homenatge a compositors valencians que han escrit obres per a aquests instruments sota la direcci\u00f3 de Marcos Ivorra i Antonio Barber.<\/p>\n<p><b>21 de juliol<\/b>: FSMMB Brass Band. Altea ser\u00e0 l&#8217;escenari escollit per presentar el projecte de la Federaci\u00f3 Comarcal de Societats Musicals, que per a aquest any ser\u00e0 una Brass Band on col\u00b7laboraran m\u00fasics de tota la comarca dirigits per l\u2019Alte\u00e0 Juan T. Lavi\u00f3s.<\/p>\n<p><b>28 de juliol<\/b>: Coral de la SFA. Tancar\u00e0 aquest cicle d&#8217;actuacions la Coral de la SFA amb un programa de m\u00fasica lleugera i sota la direcci\u00f3 del Mestre Ximo Sastre<\/p>\n<p>La SFA ha establert un abonament per a socis de 10\u20ac i de 15\u20ac per als &#8220;no&#8221; socis, aix\u00ed com una entrada individual de 5 \u20ac per concert. Les entrades es poden adquirir a la Casa de Cultura, a la seu de la SFA i contactant amb els m\u00fasics de la Banda de la SFA.<\/p>\n<p>Veniu a gaudir de bona m\u00fasica amb la Filharm\u00f2nica!!!<\/p>\n","protected":false},"excerpt":{"rendered":"<p>Per tercera edici\u00f3 consecutiva, la SFA s&#8217;enfunda l&#8217;uniforme de treball amb grans il\u00b7lusions i motivaci\u00f3 per tornar a un espai id\u00edl\u00b7lic: la &#8220;Pla\u00e7a de l&#8217;Aigua&#8221;, on presenta quatre espectacles dins de la programaci\u00f3 estival<\/p>\n","protected":false},"author":2,"featured_media":0,"comment_status":"closed","ping_status":"closed","sticky":false,"template":"","format":"standard","meta":{"footnotes":""},"categories":[10],"tags":[],"class_list":["post-1178","post","type-post","status-publish","format-standard","hentry","category-musica-a-la-llum"],"_links":{"self":[{"href":"https:\/\/fsmcv.org\/vl\/wp-json\/wp\/v2\/posts\/1178","targetHints":{"allow":["GET"]}}],"collection":[{"href":"https:\/\/fsmcv.org\/vl\/wp-json\/wp\/v2\/posts"}],"about":[{"href":"https:\/\/fsmcv.org\/vl\/wp-json\/wp\/v2\/types\/post"}],"author":[{"embeddable":true,"href":"https:\/\/fsmcv.org\/vl\/wp-json\/wp\/v2\/users\/2"}],"replies":[{"embeddable":true,"href":"https:\/\/fsmcv.org\/vl\/wp-json\/wp\/v2\/comments?post=1178"}],"version-history":[{"count":0,"href":"https:\/\/fsmcv.org\/vl\/wp-json\/wp\/v2\/posts\/1178\/revisions"}],"wp:attachment":[{"href":"https:\/\/fsmcv.org\/vl\/wp-json\/wp\/v2\/media?parent=1178"}],"wp:term":[{"taxonomy":"category","embeddable":true,"href":"https:\/\/fsmcv.org\/vl\/wp-json\/wp\/v2\/categories?post=1178"},{"taxonomy":"post_tag","embeddable":true,"href":"https:\/\/fsmcv.org\/vl\/wp-json\/wp\/v2\/tags?post=1178"}],"curies":[{"name":"wp","href":"https:\/\/api.w.org\/{rel}","templated":true}]}}