{"id":1181,"date":"2016-07-06T18:54:02","date_gmt":"2016-07-06T16:54:02","guid":{"rendered":"http:\/\/fsmcv.org\/?post_type=fsmcv-noticias&#038;p=1181"},"modified":"2020-09-27T18:20:39","modified_gmt":"2020-09-27T18:20:39","slug":"lateneu-musical-de-cocentaina-i-lescola-de-musica-jose-insa-martinez-protagonitzen-el-saxteneum-fest-2016","status":"publish","type":"post","link":"https:\/\/fsmcv.org\/vl\/noticies-campanyes\/musica-a-la-llum\/lateneu-musical-de-cocentaina-i-lescola-de-musica-jose-insa-martinez-protagonitzen-el-saxteneum-fest-2016\/","title":{"rendered":"L&#8217;Ateneu Musical de Cocentaina i l&#8217;Escola de M\u00fasica Jos\u00e9 Insa Mart\u00ednez protagonitzen el Saxteneum Fest 2016."},"content":{"rendered":"<p class=\"texto\"><span class=\"texto\">Concentaina, 6 de juliol de 2016<br \/>\n<\/span><\/p>\n<p><span class=\"texto\">Aquest diumenge 10 de juliol tindr\u00e0 lloc el Concurs de Saxofon &#8220;<span class=\"hiddenSpellError\">SAXTENEUM<\/span> FEST 2016&#8243;, a Cocentaina. L&#8217;Escola de la Societat Ateneu Musical de Cocentaina i l&#8217;Escola de M\u00fasica <span class=\"hiddenGrammarError\">&#8220;<\/span>Jos\u00e9 <span class=\"hiddenSpellError\">Insa<\/span> Mart\u00ednez, seguint amb el seu objectiu d&#8217;impulsar i promocionar la m\u00fasica creada, tant pels compositors, com pels joves int\u00e8rprets, al voltant de la fam\u00edlia del Saxofon, es complau a presentar la seua primera edici\u00f3.<\/span><\/p>\n<p>El concurs es divideix en diferents categories, en relaci\u00f3 als cicles d&#8217;Ensenyaments Elementals i Professionals.<\/p>\n<p>La relaci\u00f3 d&#8217;obres \u00e9s la seg\u00fcent:<\/p>\n<p>CATEGORIA A: Primer cicle Ensenyaments Elementals:<\/p>\n<p>Un <span class=\"hiddenGrammarError\">estudi nombre<\/span> a triar per l&#8217;int\u00e8rpret de &#8221; <span class=\"hiddenSpellError\">\u00e9tudes<\/span> <span class=\"hiddenSpellError\">faciles<\/span> <span class=\"hiddenGrammarError\">et<\/span> progressives de <span class=\"hiddenSpellError\">Guy<\/span> <span class=\"hiddenSpellError\">Lacour<\/span>&#8221;<\/p>\n<p><span class=\"hiddenSpellError\">Chanson<\/span> a <span class=\"hiddenSpellError\">Bercer<\/span>(<span class=\"hiddenSpellError\">Bozza<\/span>, I)-<span class=\"hiddenSpellError\">Ed<\/span>. <span class=\"hiddenSpellError\">Leduc<\/span>.<\/p>\n<p>CATEGORIA B: Segon cicle Ensenyaments Elementals:<\/p>\n<p>Un <span class=\"hiddenGrammarError\">estudi nombre<\/span> a triar per l&#8217;int\u00e8rpret de &#8220;<span class=\"hiddenSpellError\">\u00e9tudes<\/span> <span class=\"hiddenSpellError\">faciles<\/span> <span class=\"hiddenGrammarError\">et<\/span> progressives de <span class=\"hiddenSpellError\">Guy<\/span> <span class=\"hiddenSpellError\">Lacour<\/span>&#8221;<\/p>\n<p><span class=\"hiddenSpellError\">Chanson<\/span> <span class=\"hiddenGrammarError\">et<\/span> <span class=\"hiddenSpellError\">passepied<\/span>. (<span class=\"hiddenSpellError\">Rueff<\/span>, J)-<span class=\"hiddenSpellError\">Ed<\/span>. <span class=\"hiddenSpellError\">Leduc<\/span>.<\/p>\n<p>CATEGORIA C: Primer cicle Ensenyaments Professionals:<\/p>\n<p>Un estudi a triar per l&#8217;int\u00e8rpret d&#8217;estudis per a saxofon de W. <span class=\"hiddenSpellError\">Ferling<\/span><\/p>\n<p><span class=\"hiddenSpellError\">Sonatine<\/span> <span class=\"hiddenSpellError\">Sportive<\/span>. (A. <span class=\"hiddenSpellError\">Tcherepnine<\/span>)- <span class=\"hiddenSpellError\">Ed<\/span>. <span class=\"hiddenSpellError\">Leduc<\/span><\/p>\n<p>CATEGORIA D: Segon cicle Ensenyaments Professionals:<\/p>\n<p>Un estudi a triar per l&#8217;int\u00e8rpret d&#8217;estudis per a saxofon de W. <span class=\"hiddenSpellError\">Ferling<\/span><\/p>\n<p>Suite Hel\u00b7l\u00e8nica. (P. <span class=\"hiddenSpellError\">Iturralde<\/span>)- <span class=\"hiddenSpellError\">Ed<\/span>. H. <span class=\"hiddenSpellError\">Lemoine<\/span>.<\/p>\n<p>CATEGORIA I: Tercer cicle Ensenyaments Professionals:<\/p>\n<p>Un estudi a triar per l&#8217;int\u00e8rpret <span class=\"hiddenSpellError\">de&#8217;estudis<\/span> per a saxofon de W. <span class=\"hiddenSpellError\">Ferling<\/span><\/p>\n<p><span class=\"hiddenSpellError\">Scaramouches<\/span>. (D. Milhaud)- <span class=\"hiddenSpellError\">Ed<\/span>. Salabert<\/p>\n<p>A m\u00e9s, dins del Festival, tamb\u00e9 es realitzar\u00e0 un curs, que comen\u00e7ar\u00e0 el 8 de juliol, dirigit a tots aquells saxofonistes que desitgen ampliar i millorar la t\u00e8cnica i interpretaci\u00f3 del saxofon aix\u00ed com aprofundir en els seus or\u00edgens i evoluci\u00f3 en les diferents formacions en les quals \u00e9s protagonista.<\/p>\n<p>I a la nit, concert. El Concert Andreu Valor a c\u00e0rrec de l&#8217;Ateneu Musical<span class=\"hiddenGrammarError\"> ,<\/span> el 8 de juliol a les <span class=\"hiddenGrammarError\">22h<\/span>, i el dissabte 9 de juliol, <span class=\"hiddenSpellError\">Marching<\/span> <span class=\"hiddenSpellError\">Band<\/span>, al Passeig de Cocentaina.<\/p>\n<p>&#8220;El nostre desig \u00e9s aportar una nova aproximaci\u00f3 a l&#8217;estudi del saxofon per mitj\u00e0 de l&#8217;organitzaci\u00f3 de diverses activitats musicals que permeten als participants gaudir i adquirir habilitats i destreses per a seguir amb l&#8217;estudi d&#8217;est&#8221; asseguren des de l&#8217;organitzaci\u00f3 de <span class=\"hiddenSpellError\">Saxteneum<\/span> Fest 2016.<\/p>\n<p>&nbsp;<\/p>\n","protected":false},"excerpt":{"rendered":"<p>Aquest diumenge 10 de juliol tindr\u00e0 lloc el Concurs de Saxofon &#8220;SAXTENEUM FEST 2016&#8221;, a Cocentaina<\/p>\n","protected":false},"author":2,"featured_media":0,"comment_status":"closed","ping_status":"closed","sticky":false,"template":"","format":"standard","meta":{"footnotes":""},"categories":[10],"tags":[],"class_list":["post-1181","post","type-post","status-publish","format-standard","hentry","category-musica-a-la-llum"],"_links":{"self":[{"href":"https:\/\/fsmcv.org\/vl\/wp-json\/wp\/v2\/posts\/1181","targetHints":{"allow":["GET"]}}],"collection":[{"href":"https:\/\/fsmcv.org\/vl\/wp-json\/wp\/v2\/posts"}],"about":[{"href":"https:\/\/fsmcv.org\/vl\/wp-json\/wp\/v2\/types\/post"}],"author":[{"embeddable":true,"href":"https:\/\/fsmcv.org\/vl\/wp-json\/wp\/v2\/users\/2"}],"replies":[{"embeddable":true,"href":"https:\/\/fsmcv.org\/vl\/wp-json\/wp\/v2\/comments?post=1181"}],"version-history":[{"count":0,"href":"https:\/\/fsmcv.org\/vl\/wp-json\/wp\/v2\/posts\/1181\/revisions"}],"wp:attachment":[{"href":"https:\/\/fsmcv.org\/vl\/wp-json\/wp\/v2\/media?parent=1181"}],"wp:term":[{"taxonomy":"category","embeddable":true,"href":"https:\/\/fsmcv.org\/vl\/wp-json\/wp\/v2\/categories?post=1181"},{"taxonomy":"post_tag","embeddable":true,"href":"https:\/\/fsmcv.org\/vl\/wp-json\/wp\/v2\/tags?post=1181"}],"curies":[{"name":"wp","href":"https:\/\/api.w.org\/{rel}","templated":true}]}}