{"id":11811,"date":"2019-02-20T12:30:55","date_gmt":"2019-02-20T11:30:55","guid":{"rendered":"https:\/\/fsmcv.org\/?post_type=fsmcv-noticias&#038;p=11811"},"modified":"2021-04-07T18:25:29","modified_gmt":"2021-04-07T16:25:29","slug":"compositor-director-alicantino-oscar-navarro-dirige-royal-band-belgian-guides-banda-reyes-belgica","status":"publish","type":"post","link":"https:\/\/fsmcv.org\/vl\/societats-musicals\/compositor-director-alicantino-oscar-navarro-dirige-royal-band-belgian-guides-banda-reyes-belgica\/","title":{"rendered":"L&#8217;alacant\u00ed \u00d3scar Navarro dirigir\u00e0 la Banda dels Reis de B\u00e8lgica"},"content":{"rendered":"<p>El compositor i director noveldense \u00d3scar Navarro dirigir\u00e0 els pr\u00f2xims 21 i 22 de febrer a B\u00e8lgica a la Royal Band of the Belgian Guides -Banda dels Reis de B\u00e8lgica- en dos concerts ben\u00e8fics que se celebraran a l&#8217;Auditori Europahal de Tielt.<\/p>\n<p>El jove alacant\u00ed assumir\u00e0 la batuta d&#8217;aquesta prestigiosa banda al costat del seu director titular, Yves Segers, amb un programa en el qual s&#8217;interpretaran, entre altres obres, el seu <em>II Concierto para Clarinete<\/em> amb Juan Ferrer -solista de l&#8217;Orquestra Simf\u00f2nica de Gal\u00edcia- al clarinet i el seu <em>III Concierto para Clarinete<\/em> amb David Van Maele -membre de la Banda Real de B\u00e8lgica- com a solista.<\/p>\n<p>\u00c9s la segona vegada en la hist\u00f2ria d&#8217;aquesta coneguda banda que un compositor \u00e9s convidat a conduir-la. \u201c<em>\u00c9s un aut\u00e8ntic luxe per a mi dirigir la Royal Band of the Belgian Guides, un referent mundial en l&#8217;\u00e0mbit de les bandes professionals. Nom\u00e9s Johan de Meij havia tingut el plaer de fer-lo, i estar aquestos dies al capdavant de la banda i dirigint dos dels meus concerts de clarinet \u00e9s tot un somni<\/em>\u201d, afirma Navarro, qui ja es troba a B\u00e8lgica realitzant els \u00faltims assajos.<\/p>\n<p>La formaci\u00f3 belga va gravar en 2016 un CD amb algunes de les obres m\u00e9s conegudes del compositor, com s\u00f3n\u00a0<em>El olimpo de los dioses<\/em>, el <em>II Concierto para clarinete<\/em>, <em>The fl<\/em>y o <em>Andr\u00e9s contrabandista<\/em>.<\/p>\n<h3>Confer\u00e8ncies en el Clarinet Day<\/h3>\n<p>Navarro tamb\u00e9 oferir\u00e0 dues confer\u00e8ncies aprofitant la seua estada al B\u00e8lgica. Les xarrades es realitzaran el diumenge 24 de febrer i estan emmarcades en el Clarinet Day, celebrat en Tielt.<\/p>\n<p>En elles se centrar\u00e0 en els seus concerts per a clarinet, aprofundint en el proc\u00e9s de composici\u00f3 aix\u00ed com en la seua an\u00e0lisi. Durant eixos dies nombrosos clarinetist<em>e<\/em>s i professors de tot el m\u00f3n es congregaran a la ciutat belga.<\/p>\n","protected":false},"excerpt":{"rendered":"<p>Ser\u00e0 els pr\u00f2xims 21 i 22 de febrer a B\u00e8lgica en dos concerts ben\u00e8fics que se celebraran a l&#8217;Auditori Europahal de Tielt.<\/p>\n","protected":false},"author":2,"featured_media":0,"comment_status":"closed","ping_status":"closed","sticky":false,"template":"","format":"standard","meta":{"footnotes":""},"categories":[56],"tags":[],"class_list":["post-11811","post","type-post","status-publish","format-standard","hentry","category-societats-musicals"],"_links":{"self":[{"href":"https:\/\/fsmcv.org\/vl\/wp-json\/wp\/v2\/posts\/11811","targetHints":{"allow":["GET"]}}],"collection":[{"href":"https:\/\/fsmcv.org\/vl\/wp-json\/wp\/v2\/posts"}],"about":[{"href":"https:\/\/fsmcv.org\/vl\/wp-json\/wp\/v2\/types\/post"}],"author":[{"embeddable":true,"href":"https:\/\/fsmcv.org\/vl\/wp-json\/wp\/v2\/users\/2"}],"replies":[{"embeddable":true,"href":"https:\/\/fsmcv.org\/vl\/wp-json\/wp\/v2\/comments?post=11811"}],"version-history":[{"count":0,"href":"https:\/\/fsmcv.org\/vl\/wp-json\/wp\/v2\/posts\/11811\/revisions"}],"wp:attachment":[{"href":"https:\/\/fsmcv.org\/vl\/wp-json\/wp\/v2\/media?parent=11811"}],"wp:term":[{"taxonomy":"category","embeddable":true,"href":"https:\/\/fsmcv.org\/vl\/wp-json\/wp\/v2\/categories?post=11811"},{"taxonomy":"post_tag","embeddable":true,"href":"https:\/\/fsmcv.org\/vl\/wp-json\/wp\/v2\/tags?post=11811"}],"curies":[{"name":"wp","href":"https:\/\/api.w.org\/{rel}","templated":true}]}}