{"id":11815,"date":"2019-02-21T08:59:59","date_gmt":"2019-02-21T07:59:59","guid":{"rendered":"https:\/\/fsmcv.org\/?post_type=fsmcv-noticias&#038;p=11815"},"modified":"2021-03-29T10:53:58","modified_gmt":"2021-03-29T08:53:58","slug":"iv-concurs-joves-interprets-ciudad-de-sagunto","status":"publish","type":"post","link":"https:\/\/fsmcv.org\/vl\/convocatories-publiques\/iv-concurs-joves-interprets-ciudad-de-sagunto\/","title":{"rendered":"IV Concurs Joves Int\u00e8rprets &#8220;Ciudad de Sagunto&#8221;"},"content":{"rendered":"<p>L&#8217;Escola de M\u00fasica Joaqu\u00edn Rodrigo, pertanyent a la Societat Musical Lira Saguntina, convoca la IV edici\u00f3 del Concurs Joves Int\u00e8rprets &#8220;Ciudad de Sagunto&#8221; en les especialitats de vent-fusta, vent-metall, corda, cant i m\u00fasica de cambra.<\/p>\n<p>Els participants gaudiran d&#8217;un mat\u00ed de conviv\u00e8ncia al costat de companys m\u00fasics, aix\u00ed com de l&#8217;oportunitat de tocar en un gran auditori com \u00e9s l&#8217;Auditori Joaqu\u00edn Rodrigo tant en el concurs com en alguns dels concerts de la Lira Saguntina en la temporada 2019-2020. Podran participar joves m\u00fasics estudiants a nivell nacional.<\/p>\n<p>El termini d&#8217;inscripci\u00f3 estar\u00e0 obert fins al divendres 3 de maig. El dimarts 7 de maig es publicar\u00e0 una llista amb l&#8217;ordre d&#8217;actuaci\u00f3.<\/p>\n<h3>Data i lloc<\/h3>\n<p>El desenvolupament del concurs tindr\u00e0 lloc en les instal\u00b7lacions de la SM Lira Saguntina situada en la Pla\u00e7a Cronista Chabret, 6 (Sagunt, Val\u00e8ncia). A les 9:30h caldr\u00e0 estar present al hall de la Societat. Les interpretacions es duran a terme a l&#8217;Auditori Joaqu\u00edn Rodrigo a partir de les 10h.<\/p>\n<p><strong>11 de maig:<\/strong> Instrumentistes de vent i cant<br \/>\n<strong>12 de maig:<\/strong> Instrumentistes de corda i m\u00fasica de cambra<\/p>\n<h3>Modalitats i categories segons edat i especialitat<\/h3>\n<p><strong>Solista<\/strong><\/p>\n<table>\n<tbody>\n<tr>\n<th>Categories<\/th>\n<th>Nascuts en<\/th>\n<th colspan=\"2\">Especialitats i 1r premi<\/th>\n<\/tr>\n<tr>\n<td rowspan=\"4\">Elemental A<\/td>\n<td rowspan=\"4\">2009-2010<\/td>\n<td>Vent-fusta<\/td>\n<td>35\u20ac<\/td>\n<\/tr>\n<tr>\n<td>Vent-metall<\/td>\n<td>35\u20ac<\/td>\n<\/tr>\n<tr>\n<td>Corda<\/td>\n<td>35\u20ac<\/td>\n<\/tr>\n<tr>\n<td>Cant<\/td>\n<td>35\u20ac<\/td>\n<\/tr>\n<tr>\n<td rowspan=\"4\">Elemental B<\/td>\n<td rowspan=\"4\">2007-2008<\/td>\n<td>Vent-fusta<\/td>\n<td>40\u20ac<\/td>\n<\/tr>\n<tr>\n<td>Vent-metall<\/td>\n<td>40\u20ac<\/td>\n<\/tr>\n<tr>\n<td>Corda<\/td>\n<td>40\u20ac<\/td>\n<\/tr>\n<tr>\n<td>Cant<\/td>\n<td>40\u20ac<\/td>\n<\/tr>\n<tr>\n<td rowspan=\"4\">Professional A<\/td>\n<td rowspan=\"4\">2005-2006<\/td>\n<td>Vent-fusta<\/td>\n<td>45\u20ac<\/td>\n<\/tr>\n<tr>\n<td>Vent-metall<\/td>\n<td>45\u20ac<\/td>\n<\/tr>\n<tr>\n<td>Corda<\/td>\n<td>45\u20ac<\/td>\n<\/tr>\n<tr>\n<td>Cant<\/td>\n<td>45\u20ac<\/td>\n<\/tr>\n<tr>\n<td rowspan=\"4\">Professional B<\/td>\n<td rowspan=\"4\">2003-2004<\/td>\n<td>Vent-fusta<\/td>\n<td>45\u20ac<\/td>\n<\/tr>\n<tr>\n<td>Vent-metall<\/td>\n<td>45\u20ac<\/td>\n<\/tr>\n<tr>\n<td>Corda<\/td>\n<td>45\u20ac<\/td>\n<\/tr>\n<tr>\n<td>Cant<\/td>\n<td>45\u20ac<\/td>\n<\/tr>\n<\/tbody>\n<\/table>\n<p><strong>M\u00fasica de cambra<\/strong><\/p>\n<p>S&#8217;ent\u00e9n per m\u00fasica de cambra 3 o m\u00e9s participants (sense director).<\/p>\n<table>\n<tbody>\n<tr>\n<th>Categoria<\/th>\n<th style=\"text-align: center;\">Descripci\u00f3<\/th>\n<th style=\"text-align: center;\">1r premi<\/th>\n<\/tr>\n<tr>\n<td>Nivell A<\/td>\n<td>Edat mitjana del grup menor a 15 anys a data 31 de desembre de 2019<\/td>\n<td style=\"text-align: center;\">55\u20ac<\/td>\n<\/tr>\n<tr>\n<td>Nivell B<\/td>\n<td>Edat mitjana del grup menor a 15 i 18 anys (inclusivament) a data 31 de desembre de 2019 (18,9 de nota mitjana equival a 18).<\/td>\n<td style=\"text-align: center;\">70\u20ac<\/td>\n<\/tr>\n<\/tbody>\n<\/table>\n<h3>Premis<\/h3>\n<p>Els premis podran ser entregats com a vals de compra en els comer\u00e7os col\u00b7laboradors. S&#8217;entregar\u00e0 un diploma al primer i segon classificat.<\/p>\n<p><strong>Dos premis especials Lira Saguntina (solista)<\/strong><\/p>\n<p>Al millor int\u00e8rpret del concurs de vent i de corda se li premiar\u00e0 amb una obra (o concert) com a solista amb una de les agrupacions de la SM Lira Saguntina durant la temporada 2019-2020.<\/p>\n<p><strong>Premi especial Lira Saguntina (m\u00fasica de cambra)<\/strong><\/p>\n<p>Els guanyadors de les dues categories se&#8217;ls premiar\u00e0 amb obrir un concert de les agrupacions de la SM Lira Saguntina durant la temporada 2019-2020.<\/p>\n<h3>Inscripci\u00f3<\/h3>\n<p>Juntament amb el butllet\u00ed d&#8217;inscripci\u00f3 que s&#8217;adjunta al final d&#8217;aquesta not\u00edcia \u00e9s imprescindible presentar en la secretaria de la SM Lira Saguntina (96 266 20 16) o per correu electr\u00f2nic a <a href=\"mailto:escuelamusicajrodrigo@gmail.com\" target=\"_blank\" rel=\"noopener noreferrer\">escuelamusicajrodrigo@gmail.com<\/a> la seg\u00fcent documentaci\u00f3:<\/p>\n<p>&#8211; Drets d&#8217;inscripci\u00f3 per int\u00e8rpret, que seran 15\u20ac per a instrumentistes en categoria solista. Els participants de la categoria de m\u00fasica de cambra hauran d&#8217;abonar una taxa de 40\u20ac conjunta. S&#8217;ingressaran en el seg\u00fcent compte bancari: ES59 3058 2177 4327 2001 1026 (Cajamar) fent constar com a concepte: IV CONCURS JOVES INT\u00c8RPRETS i el nom i cognoms del participant. Adjuntar resguard d&#8217;ingr\u00e9s bancari.<br \/>\n&#8211; Fotoc\u00f2pia del DNI del participant.<\/p>\n<h3>Mec\u00e0nica del concurs<\/h3>\n<p>&#8211; Repertori: L&#8217;obra a interpretar ser\u00e0 de lliure elecci\u00f3, amb una durada m\u00e0xima de 6 minuts per a la categoria Elemental A, i 12 minuts per a la resta. En cas d&#8217;excedir aquesta, el tribunal podr\u00e0 penalitzar i donar per finalitzada la interpretaci\u00f3.<br \/>\n&#8211; L&#8217;int\u00e8rpret \u00e9s lliure d&#8217;acompanyar-se amb pianista (indicar en la inscripci\u00f3). Haur\u00e0 d&#8217;aportar-ho el concursant. No es valorar\u00e0 la interpretaci\u00f3 del pianista.<br \/>\n&#8211; El participant haur\u00e0 d&#8217;aportar al tribunal 3 c\u00f2pies del repertori, amb la part del piano si \u00e9s necessari. No es faran fotoc\u00f2pies en les nostres instal\u00b7lacions.<br \/>\n&#8211; L&#8217;ordre de participaci\u00f3 ser\u00e0 de menor a major edat per categoria, i alfab\u00e8ticament dins de cadascuna d&#8217;elles, a partir de la lletra &#8220;L&#8221; del primer cognom.<br \/>\n&#8211; Tot el concurs ser\u00e0 obert al p\u00fablic.<\/p>\n<h3>Documentaci\u00f3<\/h3>\n<p><a href=\"https:\/\/fsmcv.org\/BTnet-storage\/wp-uploads\/2019\/02\/triptico-iv-concurso.pdf\" target=\"_blank\" rel=\"noopener noreferrer\">Descarrega el tr\u00edptic informatiu i el full d&#8217;inscripci\u00f3. [PDF]<\/a><\/p>\n","protected":false},"excerpt":{"rendered":"<p>El termini d&#8217;inscripci\u00f3 estar\u00e0 obert fins al divendres 3 de maig. Podran participar joves m\u00fasics estudiants a nivell nacional.<\/p>\n","protected":false},"author":2,"featured_media":0,"comment_status":"closed","ping_status":"closed","sticky":false,"template":"","format":"standard","meta":{"footnotes":""},"categories":[45],"tags":[],"class_list":["post-11815","post","type-post","status-publish","format-standard","hentry","category-convocatories-publiques"],"_links":{"self":[{"href":"https:\/\/fsmcv.org\/vl\/wp-json\/wp\/v2\/posts\/11815","targetHints":{"allow":["GET"]}}],"collection":[{"href":"https:\/\/fsmcv.org\/vl\/wp-json\/wp\/v2\/posts"}],"about":[{"href":"https:\/\/fsmcv.org\/vl\/wp-json\/wp\/v2\/types\/post"}],"author":[{"embeddable":true,"href":"https:\/\/fsmcv.org\/vl\/wp-json\/wp\/v2\/users\/2"}],"replies":[{"embeddable":true,"href":"https:\/\/fsmcv.org\/vl\/wp-json\/wp\/v2\/comments?post=11815"}],"version-history":[{"count":0,"href":"https:\/\/fsmcv.org\/vl\/wp-json\/wp\/v2\/posts\/11815\/revisions"}],"wp:attachment":[{"href":"https:\/\/fsmcv.org\/vl\/wp-json\/wp\/v2\/media?parent=11815"}],"wp:term":[{"taxonomy":"category","embeddable":true,"href":"https:\/\/fsmcv.org\/vl\/wp-json\/wp\/v2\/categories?post=11815"},{"taxonomy":"post_tag","embeddable":true,"href":"https:\/\/fsmcv.org\/vl\/wp-json\/wp\/v2\/tags?post=11815"}],"curies":[{"name":"wp","href":"https:\/\/api.w.org\/{rel}","templated":true}]}}