{"id":1193,"date":"2016-07-02T18:59:50","date_gmt":"2016-07-02T16:59:50","guid":{"rendered":"http:\/\/fsmcv.org\/?post_type=fsmcv-noticias&#038;p=1193"},"modified":"2020-09-27T18:21:17","modified_gmt":"2020-09-27T18:21:17","slug":"la-unio-musical-de-sax-compartira-escenari-amb-la-artistica-de-novelda","status":"publish","type":"post","link":"https:\/\/fsmcv.org\/vl\/noticies-campanyes\/musica-a-la-llum\/la-unio-musical-de-sax-compartira-escenari-amb-la-artistica-de-novelda\/","title":{"rendered":"La Uni\u00f3 Musical de Sax compartir\u00e0 escenari amb &#8220;La Art\u00edstica&#8221; de Novelda"},"content":{"rendered":"<p class=\"texto\"><span class=\"texto\">Novelda, 2 de juliol de 2016<br \/>\n<\/span><\/p>\n<p><span class=\"texto\">Les bandes d&#8217;educands de les dues societats participaran juntes en la Campanya de Concerts d&#8217;Intercanvis Musicals de la Federaci\u00f3. El primer concert tindr\u00e0 lloc aquest dissabte a les 21.00 h en el Casino de Novelda.<\/span><\/p>\n<p>La banda d&#8217;educands de la Societat Uni\u00f3 Musical i Art\u00edstica de Saix participa enguany en la XIII edici\u00f3 de la Campanya de concerts d&#8217;intercanvis musicals de la Federaci\u00f3 de Societats Musicals de la Comunitat Valenciana (<span class=\"hiddenSpellError\">FSMCV<\/span>) al costat de la Uni\u00f3 Musical &#8220;<span class=\"hiddenGrammarError\">La Art\u00edstica<\/span>&#8221; de Novelda.<\/p>\n<p>Es tracta d&#8217;una campanya patrocinada per <span class=\"hiddenSpellError\">CulturArts<\/span> de la Generalitat Valenciana amb l&#8217;objectiu de fomentar l&#8217;enriquiment cultural i social i el foment de les relacions entre Societats Musicals de la Comunitat a trav\u00e9s de la realitzaci\u00f3 de concerts entre dues bandes.<\/p>\n<p>D&#8217;aquesta forma, els <span class=\"hiddenSpellError\">saje\u00f1os<\/span> es desplacen aquest dissabte 2 de juliol a Novelda, on actuaran al costat dels m\u00fasics de &#8220;<span class=\"hiddenGrammarError\">La Art\u00edstica<\/span>&#8221; en el Casino de Novelda a partir de les 21 h.<\/p>\n<p>La setmana que ve, el dissabte 9 de juliol, els <span class=\"hiddenSpellError\">noveldenses<\/span> retornaran la visita per a realitzar un concert en la <span class=\"hiddenGrammarError\">Pla\u00e7a<\/span> de l&#8217;Ajuntament de Saix a les 20.30 h.<\/p>\n<p>Els <span class=\"hiddenSpellError\">saje\u00f1os<\/span>, dirigits per Jos\u00e9 <span class=\"hiddenSpellError\">Zafrilla<\/span> <span class=\"hiddenSpellError\">Garcer\u00e1n<\/span>, interpretaran un programa variat que inclou obres com <span class=\"hiddenGrammarError\">&#8220;<\/span><span class=\"hiddenSpellError\">Sonrisas<\/span> i <span class=\"hiddenSpellError\">L\u00e1grimas<\/span><span class=\"hiddenGrammarError\">! o<\/span> &#8220;I <span class=\"hiddenSpellError\">will<\/span> <span class=\"hiddenSpellError\">follow<\/span> <span class=\"hiddenSpellError\">him<\/span>&#8220;, per a les quals comptaran amb el suport del cor dels xiquets de l&#8217;escola.\u00e7<\/p>\n<p>Per la seua banda, els m\u00fasics de Novelda, sota la batuta de Jos\u00e9 <span class=\"hiddenSpellError\">M\u00aa<\/span> Navarro <span class=\"hiddenSpellError\">Forni\u00e9s<\/span>, han triat un programa compost per obres com &#8220;<span class=\"hiddenSpellError\">Arabian<\/span> Danses&#8221; o &#8220;Santana a <span class=\"hiddenSpellError\">portrait<\/span>&#8220;, en les quals comptaran a m\u00e9s amb instruments solistes.<\/p>\n<p>En els dos concerts l&#8217;entrada \u00e9s lliure i gratu\u00efta.<\/p>\n<p>&nbsp;<\/p>\n","protected":false},"excerpt":{"rendered":"<p>Les bandes d&#8217;educands de les dues societats participaran juntes en la Campanya de Concerts d&#8217;Intercanvis Musicals de la Federaci\u00f3. El primer concert tindr\u00e0 lloc aquest dissabte a les 21.00 h en el Casino de Novelda<\/p>\n","protected":false},"author":2,"featured_media":0,"comment_status":"closed","ping_status":"closed","sticky":false,"template":"","format":"standard","meta":{"footnotes":""},"categories":[10],"tags":[],"class_list":["post-1193","post","type-post","status-publish","format-standard","hentry","category-musica-a-la-llum"],"_links":{"self":[{"href":"https:\/\/fsmcv.org\/vl\/wp-json\/wp\/v2\/posts\/1193","targetHints":{"allow":["GET"]}}],"collection":[{"href":"https:\/\/fsmcv.org\/vl\/wp-json\/wp\/v2\/posts"}],"about":[{"href":"https:\/\/fsmcv.org\/vl\/wp-json\/wp\/v2\/types\/post"}],"author":[{"embeddable":true,"href":"https:\/\/fsmcv.org\/vl\/wp-json\/wp\/v2\/users\/2"}],"replies":[{"embeddable":true,"href":"https:\/\/fsmcv.org\/vl\/wp-json\/wp\/v2\/comments?post=1193"}],"version-history":[{"count":0,"href":"https:\/\/fsmcv.org\/vl\/wp-json\/wp\/v2\/posts\/1193\/revisions"}],"wp:attachment":[{"href":"https:\/\/fsmcv.org\/vl\/wp-json\/wp\/v2\/media?parent=1193"}],"wp:term":[{"taxonomy":"category","embeddable":true,"href":"https:\/\/fsmcv.org\/vl\/wp-json\/wp\/v2\/categories?post=1193"},{"taxonomy":"post_tag","embeddable":true,"href":"https:\/\/fsmcv.org\/vl\/wp-json\/wp\/v2\/tags?post=1193"}],"curies":[{"name":"wp","href":"https:\/\/api.w.org\/{rel}","templated":true}]}}