{"id":11987,"date":"2019-03-11T12:19:15","date_gmt":"2019-03-11T11:19:15","guid":{"rendered":"https:\/\/fsmcv.org\/?post_type=fsmcv-noticias&#038;p=11987"},"modified":"2021-04-07T14:32:15","modified_gmt":"2021-04-07T12:32:15","slug":"sociedades-musicales-alacanti-celebran-mutxamel-ii-sona-alacanti","status":"publish","type":"post","link":"https:\/\/fsmcv.org\/vl\/societats-musicals\/sociedades-musicales-alacanti-celebran-mutxamel-ii-sona-alacanti\/","title":{"rendered":"Les Societats Musicals de la comarca de l&#8217;Alacant\u00ed celebren a Mutxamel la II edici\u00f3 de l&#8217;activitat comarcal &#8220;Sona l&#8217;Alacant\u00ed&#8221;"},"content":{"rendered":"<p>El passat cap de setmana de mar\u00e7, Mutxamel va ser el poble amfitri\u00f3 de la segona edici\u00f3 de l&#8217;activitat comarcal &#8220;Sona l&#8217;Alacant\u00ed&#8221;.<\/p>\n<p>En aquesta activitat, tot l&#8217;alumnat de 9 i 13 anys de les societats musicals de la comarca es va donar cita en les instal\u00b7lacions de la Societat Musical L&#8217;Alian\u00e7a de Mutxamel per a realitzar un concert conjunt que va reunir prop de 150 alumnes, dirigits enguany per Alberto Garc\u00eda, professor de trompa a les escoles de m\u00fasica de L&#8217;Alian\u00e7a de Mutxamel i El Trabajo de Xixona, en les quals dirigeix al mateix temps la banda elemental, aix\u00ed com professor de trompa en el conservatori professional Vila de Sant Joan de la Societat Musical La Paz de Sant Joan.<\/p>\n<p>El dissabte 9 de mar\u00e7 es va congregar l&#8217;alumnat de les onze societats musicals participants. Durant tot el dia es van alternar els assajos amb una jornada de Soundpainting, taller impartit pel professor \u00d2scar Vidal en el qual es va introduir als alumnes en el camp de la creativitat, la improvisaci\u00f3 i la creaci\u00f3 col\u00b7lectiva.<\/p>\n<p>El segon dia de l&#8217;activitat va comen\u00e7ar amb un assaig general previ al concert de la Banda Comarcal Infantil que va tindre lloc amb entrada lliure a les 12.00h al Parc Municipal El Canyar de les Portelles de Mutxamel.<\/p>\n<p>Aquesta activitat comarcal est\u00e0 sufragada per la Federaci\u00f3 de Societats Musicals de la Comunitat Valenciana, qui compta amb el suport de les tres diputacions provincials, l&#8217;Institut Valenci\u00e0 de Cultura, Bankia i arr\u00f2s La Fallera.<\/p>\n","protected":false},"excerpt":{"rendered":"<p>El concert de la Banda Comarcal Infantil va tindre lloc al Parc Municipal El Canyar de les Portelles de Mutxamel.<\/p>\n","protected":false},"author":2,"featured_media":0,"comment_status":"closed","ping_status":"closed","sticky":false,"template":"","format":"standard","meta":{"footnotes":""},"categories":[56],"tags":[],"class_list":["post-11987","post","type-post","status-publish","format-standard","hentry","category-societats-musicals"],"_links":{"self":[{"href":"https:\/\/fsmcv.org\/vl\/wp-json\/wp\/v2\/posts\/11987","targetHints":{"allow":["GET"]}}],"collection":[{"href":"https:\/\/fsmcv.org\/vl\/wp-json\/wp\/v2\/posts"}],"about":[{"href":"https:\/\/fsmcv.org\/vl\/wp-json\/wp\/v2\/types\/post"}],"author":[{"embeddable":true,"href":"https:\/\/fsmcv.org\/vl\/wp-json\/wp\/v2\/users\/2"}],"replies":[{"embeddable":true,"href":"https:\/\/fsmcv.org\/vl\/wp-json\/wp\/v2\/comments?post=11987"}],"version-history":[{"count":0,"href":"https:\/\/fsmcv.org\/vl\/wp-json\/wp\/v2\/posts\/11987\/revisions"}],"wp:attachment":[{"href":"https:\/\/fsmcv.org\/vl\/wp-json\/wp\/v2\/media?parent=11987"}],"wp:term":[{"taxonomy":"category","embeddable":true,"href":"https:\/\/fsmcv.org\/vl\/wp-json\/wp\/v2\/categories?post=11987"},{"taxonomy":"post_tag","embeddable":true,"href":"https:\/\/fsmcv.org\/vl\/wp-json\/wp\/v2\/tags?post=11987"}],"curies":[{"name":"wp","href":"https:\/\/api.w.org\/{rel}","templated":true}]}}