{"id":1206,"date":"2016-07-02T19:14:27","date_gmt":"2016-07-02T17:14:27","guid":{"rendered":"http:\/\/fsmcv.org\/?post_type=fsmcv-noticias&#038;p=1206"},"modified":"2020-09-27T18:23:08","modified_gmt":"2020-09-27T18:23:08","slug":"concert-de-retrobem-la-nostra-musica-organitzat-pel-centro-musical-paternense","status":"publish","type":"post","link":"https:\/\/fsmcv.org\/vl\/noticies-campanyes\/musica-a-la-llum\/concert-de-retrobem-la-nostra-musica-organitzat-pel-centro-musical-paternense\/","title":{"rendered":"Concert de Retrobem La Nostra M\u00fasica organitzat pel Centro Musical Paternense"},"content":{"rendered":"<p class=\"texto\"><span class=\"texto\">Paterna, 2 de juliol de 2016<br \/>\n<\/span><\/p>\n<p><span class=\"texto\">Dem\u00e0 diumenge, 3 de juliol, a les 11:30 h., en l&#8217;auditori &#8220;Antonio Cap&#8221; de Paterna, i organitzat pel Centre Musical Paternense tindr\u00e0 lloc el Concert de Retrobem La Nostra M\u00fasica.<\/span><\/p>\n<p>Les formacions musicals de l&#8217;aquesta societat musical del municipi de Paterna encarregades d&#8217;oferir bona m\u00fasicaseran la Jove Orquestra i Cor sota la batuta del seu director titular D. Edgar Carri\u00f3n i la Banda Juvenil del Centre Musical Paternense sota direcci\u00f3 del seu director D. J. Amadeo Guillot Montaner.<\/p>\n<p>&nbsp;<\/p>\n","protected":false},"excerpt":{"rendered":"<p>Dem\u00e0 diumenge, 3 de juliol, a les 11:30 h., en l&#8217;auditori &#8220;Antonio Cap&#8221; de Paterna, i organitzat pel Centre Musical Paternense tindr\u00e0 lloc el Concert de Retrobem La Nostra M\u00fasica<\/p>\n","protected":false},"author":2,"featured_media":0,"comment_status":"closed","ping_status":"closed","sticky":false,"template":"","format":"standard","meta":{"footnotes":""},"categories":[10],"tags":[],"class_list":["post-1206","post","type-post","status-publish","format-standard","hentry","category-musica-a-la-llum"],"_links":{"self":[{"href":"https:\/\/fsmcv.org\/vl\/wp-json\/wp\/v2\/posts\/1206","targetHints":{"allow":["GET"]}}],"collection":[{"href":"https:\/\/fsmcv.org\/vl\/wp-json\/wp\/v2\/posts"}],"about":[{"href":"https:\/\/fsmcv.org\/vl\/wp-json\/wp\/v2\/types\/post"}],"author":[{"embeddable":true,"href":"https:\/\/fsmcv.org\/vl\/wp-json\/wp\/v2\/users\/2"}],"replies":[{"embeddable":true,"href":"https:\/\/fsmcv.org\/vl\/wp-json\/wp\/v2\/comments?post=1206"}],"version-history":[{"count":0,"href":"https:\/\/fsmcv.org\/vl\/wp-json\/wp\/v2\/posts\/1206\/revisions"}],"wp:attachment":[{"href":"https:\/\/fsmcv.org\/vl\/wp-json\/wp\/v2\/media?parent=1206"}],"wp:term":[{"taxonomy":"category","embeddable":true,"href":"https:\/\/fsmcv.org\/vl\/wp-json\/wp\/v2\/categories?post=1206"},{"taxonomy":"post_tag","embeddable":true,"href":"https:\/\/fsmcv.org\/vl\/wp-json\/wp\/v2\/tags?post=1206"}],"curies":[{"name":"wp","href":"https:\/\/api.w.org\/{rel}","templated":true}]}}