{"id":1209,"date":"2016-07-02T19:16:26","date_gmt":"2016-07-02T17:16:26","guid":{"rendered":"http:\/\/fsmcv.org\/?post_type=fsmcv-noticias&#038;p=1209"},"modified":"2020-09-27T18:23:20","modified_gmt":"2020-09-27T18:23:20","slug":"xliii-festival-de-bandes-de-real","status":"publish","type":"post","link":"https:\/\/fsmcv.org\/vl\/noticies-campanyes\/musica-a-la-llum\/xliii-festival-de-bandes-de-real\/","title":{"rendered":"XLIII Festival de Bandes de Real"},"content":{"rendered":"<p class=\"texto\"><span class=\"texto\">Real, 2 de juliol de 2016<br \/>\n<\/span><\/p>\n<p><span class=\"texto\">Aquest dissabte 2 de juliol se celebra XLIII Festival de Bandes de Real. L&#8217;esdeveniment comen\u00e7ar\u00e0 a les 21:30h amb la tradicional desfilada des del Parc de Real. A continuaci\u00f3, es podr\u00e0 gaudir d&#8217;unes bona nit de m\u00fasica a la Pla\u00e7a de la Constituci\u00f3 de Real.<\/span><\/p>\n<p>En aquesta XLIII edici\u00f3 es comptar\u00e0 amb la pres\u00e8ncia de bandes de Mallorca, Alcadia i Real:<\/p>\n<p>-Banda de M\u00fasica Son Cervera al costat de la Banda de M\u00fasica S&#8217;Almudaina (Mallorca)<\/p>\n<p>&#8211; Associaci\u00f3 Musical Filharm\u00f3nica Alcudiana ( Alcudia)<\/p>\n<p>&#8211; Uni\u00f3 Musical Lira Realense (Real)<\/p>\n<p>Bona m\u00fasica de banda.<\/p>\n<p>&nbsp;<\/p>\n","protected":false},"excerpt":{"rendered":"<p>L&#8217;esdeveniment comen\u00e7ar\u00e0 a les 21:30h amb la tradicional desfilada des del Parc de Real. A continuaci\u00f3, es podr\u00e0 gaudir d&#8217;unes bona nit de m\u00fasica a la Pla\u00e7a de la Constituci\u00f3 de Real<\/p>\n","protected":false},"author":2,"featured_media":0,"comment_status":"closed","ping_status":"closed","sticky":false,"template":"","format":"standard","meta":{"footnotes":""},"categories":[10],"tags":[],"class_list":["post-1209","post","type-post","status-publish","format-standard","hentry","category-musica-a-la-llum"],"_links":{"self":[{"href":"https:\/\/fsmcv.org\/vl\/wp-json\/wp\/v2\/posts\/1209","targetHints":{"allow":["GET"]}}],"collection":[{"href":"https:\/\/fsmcv.org\/vl\/wp-json\/wp\/v2\/posts"}],"about":[{"href":"https:\/\/fsmcv.org\/vl\/wp-json\/wp\/v2\/types\/post"}],"author":[{"embeddable":true,"href":"https:\/\/fsmcv.org\/vl\/wp-json\/wp\/v2\/users\/2"}],"replies":[{"embeddable":true,"href":"https:\/\/fsmcv.org\/vl\/wp-json\/wp\/v2\/comments?post=1209"}],"version-history":[{"count":0,"href":"https:\/\/fsmcv.org\/vl\/wp-json\/wp\/v2\/posts\/1209\/revisions"}],"wp:attachment":[{"href":"https:\/\/fsmcv.org\/vl\/wp-json\/wp\/v2\/media?parent=1209"}],"wp:term":[{"taxonomy":"category","embeddable":true,"href":"https:\/\/fsmcv.org\/vl\/wp-json\/wp\/v2\/categories?post=1209"},{"taxonomy":"post_tag","embeddable":true,"href":"https:\/\/fsmcv.org\/vl\/wp-json\/wp\/v2\/tags?post=1209"}],"curies":[{"name":"wp","href":"https:\/\/api.w.org\/{rel}","templated":true}]}}