{"id":12140,"date":"2019-03-25T12:23:33","date_gmt":"2019-03-25T11:23:33","guid":{"rendered":"https:\/\/fsmcv.org\/?post_type=fsmcv-noticias&#038;p=12140"},"modified":"2021-03-29T10:28:27","modified_gmt":"2021-03-29T08:28:27","slug":"master-class-trombo-carlos-gil-alfafar","status":"publish","type":"post","link":"https:\/\/fsmcv.org\/vl\/area-educativa-vl\/xarxa-centres-educatius\/master-class-trombo-carlos-gil-alfafar\/","title":{"rendered":"Master Class de tromb\u00f3 amb Carlos Gil a Alfafar"},"content":{"rendered":"<p>El pr\u00f2xim 13 d&#8217;abril l&#8217;Escola de M\u00fasica del Centre Instructiu Musical d&#8217;Alfafar acollir\u00e0 la M\u00e0ster Class de Tromb\u00f3 que dur\u00e0 a terme el m\u00fasic i professional d&#8217;aquest instrument, Carlos Gil.<\/p>\n<p>El curs est\u00e0 dirigit a estudiants d&#8217;ensenyaments elementals (a partir de 4t), professionals i superior.<\/p>\n<p>El dia l\u00edmit per a efectuar la inscripci\u00f3 ser\u00e0 el 12 d&#8217;abril de 2019.<\/p>\n<h3>Pla de treball<\/h3>\n<p>&#8211; Les classes es desenvoluparan en sessions de mat\u00ed i vesprada.<br \/>\n&#8211; Els alumnes rebran classes individuals i classes col\u00b7lectives.<br \/>\n&#8211; La durada de les classes anir\u00e0 en funci\u00f3 del nombre d&#8217;alumnes, per\u00f2 tindran una durada m\u00ednima de 45 minuts.<\/p>\n<p><strong>Classes col\u00b7lectives<\/strong><\/p>\n<p>Les sessions de mat\u00ed i vesprada s&#8217;iniciaran amb treball col\u00b7lectiu per a tots els alumnes. En aquestes classes es treballaran els seg\u00fcents aspectes:<\/p>\n<p>&#8211; Calfament<br \/>\n&#8211; Treball t\u00e8cnic espec\u00edfic sobre: articulaci\u00f3, so, respiraci\u00f3, afinaci\u00f3, flexibilitat, tessitura, escales, etc.<br \/>\n&#8211; Pr\u00e0ctica de m\u00fasica en grup: m\u00fasica de cambra i repertori orquestral.<\/p>\n<p>Tots aquests aspectes comptaran amb explicacions i reflexions impartides pel professor i es treballaran amb exercicis pr\u00e0ctics proposats per aquest.<\/p>\n<p>El professor aportar\u00e0 els materials necessaris (exercicis escrits, llibres, etc.) per a poder treballar els aspectes anteriorment citats.<\/p>\n<p><strong>Classes individuals<\/strong><\/p>\n<p>En aquestes classes es treballaran els seg\u00fcents aspectes:<\/p>\n<p>&#8211; Estudis, concerts o repertori proposat per l&#8217;alumne.<br \/>\n&#8211; Aspectes i fonaments que l&#8217;alumne ha de millorar a criteri del professor.<\/p>\n<h3>Horari<\/h3>\n<p><strong>Mat\u00ed<\/strong><\/p>\n<p>&#8211; 09&#8217;00-10&#8217;15 hores: Calfament i classe col\u00b7lectiva de t\u00e8cnica general<br \/>\n&#8211; 10&#8217;30-14&#8217;00: 5 classes individuals (45 minuts cada classe)<\/p>\n<p><strong>Vesprada<\/strong><\/p>\n<p>&#8211; 15&#8217;30-16&#8217;15: Preparaci\u00f3 mini-audici\u00f3 amb 3-4 peces de grup f\u00e0cils per a tocar tots junts. Es repartiran papers a primera hora del mat\u00ed.<br \/>\n&#8211; 16&#8217;15-20&#8217;00: 5 classes individuals (45 minuts cada classe)<br \/>\n&#8211; 20&#8217;30: Mini-audici\u00f3<\/p>\n<h3>Matr\u00edcula<\/h3>\n<p>Modalitat ACTIVA: 35 \u20ac (Amb men\u00fa 40\u20ac)<br \/>\nModalitat O\u00cfDORA: 10 \u20ac (Amb men\u00fa 15\u20ac)<\/p>\n<p>Ingr\u00e9s en: CAIXA RURAL &#8211; ES43 3159 0011 1016 6320 4327<\/p>\n<p>PLACES LIMITADES A 12 ALUMNES ACTIUS<\/p>\n<h3>Documentaci\u00f3<\/h3>\n<p><a href=\"https:\/\/fsmcv.org\/BTnet-storage\/wp-uploads\/2019\/03\/Triptic-Master-Trombo\u0301-Carlos-Gil-2019.pdf\" target=\"_blank\" rel=\"noopener noreferrer\">Descarrega el tr\u00edptic informatiu amb el full d&#8217;inscripci\u00f3. [PDF]<\/a><\/p>\n","protected":false},"excerpt":{"rendered":"<p>El dia l\u00edmit per a efectuar la inscripci\u00f3 ser\u00e0 el 12 d&#8217;abril de 2019.<\/p>\n","protected":false},"author":2,"featured_media":0,"comment_status":"closed","ping_status":"closed","sticky":false,"template":"","format":"standard","meta":{"footnotes":""},"categories":[164],"tags":[],"class_list":["post-12140","post","type-post","status-publish","format-standard","hentry","category-xarxa-centres-educatius"],"_links":{"self":[{"href":"https:\/\/fsmcv.org\/vl\/wp-json\/wp\/v2\/posts\/12140","targetHints":{"allow":["GET"]}}],"collection":[{"href":"https:\/\/fsmcv.org\/vl\/wp-json\/wp\/v2\/posts"}],"about":[{"href":"https:\/\/fsmcv.org\/vl\/wp-json\/wp\/v2\/types\/post"}],"author":[{"embeddable":true,"href":"https:\/\/fsmcv.org\/vl\/wp-json\/wp\/v2\/users\/2"}],"replies":[{"embeddable":true,"href":"https:\/\/fsmcv.org\/vl\/wp-json\/wp\/v2\/comments?post=12140"}],"version-history":[{"count":0,"href":"https:\/\/fsmcv.org\/vl\/wp-json\/wp\/v2\/posts\/12140\/revisions"}],"wp:attachment":[{"href":"https:\/\/fsmcv.org\/vl\/wp-json\/wp\/v2\/media?parent=12140"}],"wp:term":[{"taxonomy":"category","embeddable":true,"href":"https:\/\/fsmcv.org\/vl\/wp-json\/wp\/v2\/categories?post=12140"},{"taxonomy":"post_tag","embeddable":true,"href":"https:\/\/fsmcv.org\/vl\/wp-json\/wp\/v2\/tags?post=12140"}],"curies":[{"name":"wp","href":"https:\/\/api.w.org\/{rel}","templated":true}]}}