{"id":1215,"date":"2016-06-29T19:19:18","date_gmt":"2016-06-29T17:19:18","guid":{"rendered":"http:\/\/fsmcv.org\/?post_type=fsmcv-noticias&#038;p=1215"},"modified":"2020-09-27T18:23:38","modified_gmt":"2020-09-27T18:23:38","slug":"estiu-musical-2016-amb-lagrupacio-musical-ontinyent","status":"publish","type":"post","link":"https:\/\/fsmcv.org\/vl\/noticies-campanyes\/musica-a-la-llum\/estiu-musical-2016-amb-lagrupacio-musical-ontinyent\/","title":{"rendered":"Estiu Musical 2016 amb l&#8217;Agrupaci\u00f3 Musical Ontinyent"},"content":{"rendered":"<p class=\"texto\"><span class=\"texto\">Ontinyent, 29 de juny de 2016<br \/>\n<\/span><\/p>\n<p><span class=\"texto\">Un any m\u00e9s l<span class=\"hiddenGrammarError\">\u2019<\/span> Agrupaci\u00f3 Musical d\u2019Ontinyent, amb la col\u00b7laboraci\u00f3 de l<span class=\"hiddenGrammarError\">\u2019<\/span> Ajuntament d\u2019Ontinyent organitza l\u2019Estiu musical, com porta fent des de fa 2 d\u00e8cades.<br \/>\n<\/span><\/p>\n<p>Enguany l\u2019Agrupaci\u00f3 fa vint anys i per aix\u00f2 ha volgut fer una programaci\u00f3 especial.<\/p>\n<p>El primer concert ser\u00e0 aquest divendres 1 de juliol a c\u00e0rrec del grup de percussi\u00f3 i dol\u00e7aines \u201cEl Regall\u201d al mirador de sant Rafel a les <span class=\"hiddenGrammarError\">23h<\/span>.<\/p>\n<p>El programa que podrem escoltar ser\u00e0 el seg\u00fcent:<\/p>\n<p><span class=\"hiddenSpellError\">Anak<\/span> <span class=\"hiddenSpellError\">Saudara<\/span> (Obra). Xus Gandia i Navarro<\/p>\n<p><span class=\"hiddenSpellError\">Qirbilyan<\/span> (Marxa Mora). Jos\u00e9 Rafael <span class=\"hiddenSpellError\">Pascual<\/span>-Vilaplana<\/p>\n<p>A l&#8217;Alba (Marxa Mora). <span class=\"hiddenSpellError\">Carlos<\/span> <span class=\"hiddenSpellError\">Ferrero<\/span> <span class=\"hiddenSpellError\">Alc\u00e1zar<\/span><\/p>\n<p>Andrea (Pasdoble). Sa\u00fcl <span class=\"hiddenSpellError\">Gomez<\/span> Soler<\/p>\n<p>Foscor (Ballet-<span class=\"hiddenSpellError\">Fanfarria<\/span>). Sa\u00fcl <span class=\"hiddenSpellError\">Gomez<\/span> Soler<\/p>\n<p>El bou de Foc (Ballet). Rub\u00e9n <span class=\"hiddenSpellError\">Penad\u00e9s<\/span> <span class=\"hiddenSpellError\">Sivestre<\/span>*<span class=\"hiddenSpellError\">Anak<\/span> <span class=\"hiddenSpellError\">Saudara<\/span> (Obra)<span class=\"hiddenGrammarError\"> .<\/span> Xus Gandia i Navarro<\/p>\n<p><span class=\"hiddenSpellError\">Qirbilyan<\/span> (Marxa Mora). Jos\u00e9 Rafael <span class=\"hiddenSpellError\">Pascual<\/span>-Vilaplana<\/p>\n<p>A l&#8217;Alba (Marxa Mora). <span class=\"hiddenSpellError\">Carlos<\/span> <span class=\"hiddenSpellError\">Ferrero<\/span> <span class=\"hiddenSpellError\">Alc\u00e1zar<\/span>*<\/p>\n<p>Andrea (Pasdoble). Sa\u00fcl <span class=\"hiddenSpellError\">Gomez<\/span> Soler<\/p>\n<p>Foscor (Ballet-<span class=\"hiddenSpellError\">Fanfarria<\/span>). Sa\u00fcl <span class=\"hiddenSpellError\">Gomez<\/span> Soler<\/p>\n<p>El bou de Foc (Ballet). Rub\u00e9n <span class=\"hiddenSpellError\">Penad\u00e9s<\/span> <span class=\"hiddenSpellError\">Sivestre<\/span><br \/>\nEl proper cap de setmana, divendres 8, ser\u00e0 el torn de la Val\u00e8ncia <span class=\"hiddenSpellError\">Brass<\/span> <span class=\"hiddenSpellError\">Band<\/span>, grup de vent metall i percussi\u00f3 de m\u00fasics professionals d\u2019arreu del territori valenci\u00e0. El director i fundador d\u2019aquesta formaci\u00f3 \u00e9s <span class=\"hiddenSpellError\">Enrique<\/span> <span class=\"hiddenSpellError\">Alborch<\/span>, qui era el director de l\u2019agrupaci\u00f3 musical Ontinyent fins fa dos anys. El concert ser\u00e0 a les <span class=\"hiddenGrammarError\">23h<\/span> a la pla\u00e7a de la Coronaci\u00f3, m\u00e9s coneguda com el Barranquet.<\/p>\n<p>El seg\u00fcent cap de setmana ser\u00e0 el plat fort de l<span class=\"hiddenGrammarError\">\u2019<\/span> Estiu Musical. \u201c<span class=\"hiddenSpellError\">Eterno<\/span> Mecano\u201d \u00e9s el nom que porta l\u2019espectacle que l\u2019agrupaci\u00f3 realitzar\u00e0 junt amb la companyia \u201c<span class=\"hiddenSpellError\">Infinity<\/span>\u201d. Ser\u00e0 a la pla\u00e7a de Santo Domingo tamb\u00e9 a les 11. En aquest concert podrem gaudir d\u2019un rep\u00e0s a la discografia del m\u00edtic grup Mecano amb cantants.<\/p>\n<p>Per tancar l\u2019estiu musical, La <span class=\"hiddenSpellError\">Intokables<\/span> <span class=\"hiddenSpellError\">Big<\/span> <span class=\"hiddenSpellError\">Band<\/span> far\u00e0 un concert a les 23:<span class=\"hiddenGrammarError\">00h<\/span> el divendres 22 de juliol al Parc Mestre <span class=\"hiddenSpellError\">Ferrero<\/span>.<\/p>\n<p>Tots els concerts seran gratu\u00efts.<\/p>\n<p>Des de l&#8217;agrupaci\u00f3, conviden a passar les nits de divendres a la fresca i amb la millor m\u00fasica.<\/p>\n<p>&nbsp;<\/p>\n","protected":false},"excerpt":{"rendered":"<p>Enguany l\u2019Agrupaci\u00f3 fa vint anys i per aix\u00f2 ha volgut fer una programaci\u00f3 especial.<\/p>\n","protected":false},"author":2,"featured_media":0,"comment_status":"closed","ping_status":"closed","sticky":false,"template":"","format":"standard","meta":{"footnotes":""},"categories":[10],"tags":[],"class_list":["post-1215","post","type-post","status-publish","format-standard","hentry","category-musica-a-la-llum"],"_links":{"self":[{"href":"https:\/\/fsmcv.org\/vl\/wp-json\/wp\/v2\/posts\/1215","targetHints":{"allow":["GET"]}}],"collection":[{"href":"https:\/\/fsmcv.org\/vl\/wp-json\/wp\/v2\/posts"}],"about":[{"href":"https:\/\/fsmcv.org\/vl\/wp-json\/wp\/v2\/types\/post"}],"author":[{"embeddable":true,"href":"https:\/\/fsmcv.org\/vl\/wp-json\/wp\/v2\/users\/2"}],"replies":[{"embeddable":true,"href":"https:\/\/fsmcv.org\/vl\/wp-json\/wp\/v2\/comments?post=1215"}],"version-history":[{"count":0,"href":"https:\/\/fsmcv.org\/vl\/wp-json\/wp\/v2\/posts\/1215\/revisions"}],"wp:attachment":[{"href":"https:\/\/fsmcv.org\/vl\/wp-json\/wp\/v2\/media?parent=1215"}],"wp:term":[{"taxonomy":"category","embeddable":true,"href":"https:\/\/fsmcv.org\/vl\/wp-json\/wp\/v2\/categories?post=1215"},{"taxonomy":"post_tag","embeddable":true,"href":"https:\/\/fsmcv.org\/vl\/wp-json\/wp\/v2\/tags?post=1215"}],"curies":[{"name":"wp","href":"https:\/\/api.w.org\/{rel}","templated":true}]}}