{"id":12224,"date":"2019-04-01T12:53:53","date_gmt":"2019-04-01T10:53:53","guid":{"rendered":"https:\/\/fsmcv.org\/?post_type=fsmcv-noticias&#038;p=12224"},"modified":"2021-04-07T14:08:27","modified_gmt":"2021-04-07T12:08:27","slug":"festival-musica-antigua-historia-arte-mha-conciertos-musica-religiosa-mundo-convent-carmen-valencia","status":"publish","type":"post","link":"https:\/\/fsmcv.org\/vl\/societats-musicals\/festival-musica-antigua-historia-arte-mha-conciertos-musica-religiosa-mundo-convent-carmen-valencia\/","title":{"rendered":"El Festival de M\u00fasica Antiga de Val\u00e8ncia oferir\u00e0 diversos concerts amb m\u00fasiques religioses del m\u00f3n en el Convent Carmen de Val\u00e8ncia"},"content":{"rendered":"<p>El Festival de M\u00fasica Antiga de Val\u00e8ncia, M\u00fasica, Hist\u00f2ria i Art (MHA) oferir\u00e0 set concerts entorn del programa M\u00fasiques religioses del m\u00f3n en una edici\u00f3 que se celebrar\u00e0 en el Convent Carmen de Val\u00e8ncia, del 7 al 28 d&#8217;abril, per a celebrar i posar de manifest la diversitat de les diferents creences que troben en la m\u00fasica un element unificador.<\/p>\n<p>Prestigioses formacions i int\u00e8rprets com Jos\u00e9 Hern\u00e1ndez Pastor, Hamid Ajbar Suf\u00ed Ensemble, Aquel Trovar, Capella de Ministrers &amp; Maria Jonas, Ignasi Jord\u00e0, Carles Magraner, Delia Ag\u00fandez, Robert Cases &amp; Toni Aparisi, Kaveh Sarvarian &amp; Patricia \u00c1lvarez, es donen cita en aquest cicle que es desenvolupar\u00e0 el mes vinent amb actuacions els diumenges i els dijous.<\/p>\n<p>La majoria de les religions tenen la seua pr\u00f2pia cultura musical, un llenguatge abstracte m\u00e9s efectiu que la paraula a l&#8217;hora de celebrar alguns rits, compartir idees m\u00edstiques i un recurs art\u00edstic indispensable en qualsevol religi\u00f3 a l&#8217;hora de rendir culte, meditar i crear atmosferes on viure emocions complexes com la devoci\u00f3, el penediment, el pas del temps, la transici\u00f3 o tractar d&#8217;acostar-nos al concepte d&#8217;eternitat. El programa del cicle pret\u00e9n posar en com\u00fa un univers tan plural com el de les religions aix\u00ed com el de les persones que ho integren.<\/p>\n<p>Robert Cases, assessor art\u00edstic del Festival M\u00fasica, Hist\u00f2ria i Art, assegura que \u201c<em>en aquesta vintena edici\u00f3 del festival es podr\u00e0 gaudir d&#8217;una proposta nova en el qual la m\u00fasica religiosa \u00e9s una eina de comunicaci\u00f3 i intercanvi que, juntament amb la dansa i la poesia, pot ajudar a ampliar visions i perspectives des de l&#8217;emoci\u00f3 i l&#8217;art, independentment de les creences personals<\/em>\u201d.<\/p>\n<p>El programa M\u00fasiques religioses del m\u00f3n, organitzat per l&#8217;Associaci\u00f3 Cultural Comes, compte amb la col\u00b7laboraci\u00f3 de la Generalitat Valenciana, Institut Valenci\u00e0 de Cultura (IVC), Turisme Comunitat Valenciana, Diputaci\u00f3 de Val\u00e8ncia, Xarxa Europea de M\u00fasica Antiga (REMA), Fundaci\u00f3 Banc Sabadell, Institut Nacional de les Arts Esc\u00e8niques i la M\u00fasica (INAEM), Ajuntament de Val\u00e8ncia, el Vicerectorat de Cultura de la Universitat de Val\u00e8ncia i la Fundaci\u00f3 Cultural CdM.<\/p>\n<h3>Festival de M\u00fasica Antiga<\/h3>\n<p>Des de la seua creaci\u00f3 en 1999 el Festival de M\u00fasica Antiga de Val\u00e8ncia ha comptat amb la participaci\u00f3 dels millors int\u00e8rprets nacionals i internacionals, situant a la ciutat com una de les m\u00e9s importants del panorama musical i permetent gaudir de la m\u00fasica antiga en espais hist\u00f2rics de singular bellesa, buscant la conjugaci\u00f3 amb la hist\u00f2ria i l&#8217;art.<\/p>\n<p>Des de la seua primera edici\u00f3 el festival gaudeix de gran acolliment i reconeixement per part del p\u00fablic, aconseguint que siga una activitat plenament consolidada en el calendari musical.<\/p>\n<p>En l&#8217;afany divulgatiu de cada edici\u00f3, la programaci\u00f3 concert\u00edstica es complementa, entre altres, amb jornades de confer\u00e8ncies a c\u00e0rrec de prestigiosos music\u00f2legs, classes magistrals impartides per artistes convidats o exposicions d&#8217;instruments hist\u00f2rics.<\/p>\n<h3>Convent Carmen<\/h3>\n<p>El Festival MHA es desenvolupar\u00e0 en el Convent Carmen, un espai que durant m\u00e9s de 400 anys va ser un lloc de clausura inaccessible per a la ciutadania. L&#8217;antic convent de Sant Josep i Santa Teresa s&#8217;ha transformat en centre d&#8217;oci cultural i un mercat gastron\u00f2mic. Convent Carmen \u00e9s un lloc obert a la ciutat i als quals la visiten, un espai cultural que ofereix programaci\u00f3 de forma cont\u00ednua amb m\u00fasica, cinema i arts esc\u00e8niques, a m\u00e9s de tallers per a xiquets i activitats familiars.<\/p>\n<hr \/>\n<p>Imatge: La formaci\u00f3 Aquel Trovar en un concert.<\/p>\n","protected":false},"excerpt":{"rendered":"<p>Actuaran amb diferents propostes, del 7 al 28 d&#8217;abril, per a celebrar i posar de manifest la diversitat de les diferents creences que troben en la m\u00fasica un element unificador.<\/p>\n","protected":false},"author":2,"featured_media":0,"comment_status":"closed","ping_status":"closed","sticky":false,"template":"","format":"standard","meta":{"footnotes":""},"categories":[56],"tags":[],"class_list":["post-12224","post","type-post","status-publish","format-standard","hentry","category-societats-musicals"],"_links":{"self":[{"href":"https:\/\/fsmcv.org\/vl\/wp-json\/wp\/v2\/posts\/12224","targetHints":{"allow":["GET"]}}],"collection":[{"href":"https:\/\/fsmcv.org\/vl\/wp-json\/wp\/v2\/posts"}],"about":[{"href":"https:\/\/fsmcv.org\/vl\/wp-json\/wp\/v2\/types\/post"}],"author":[{"embeddable":true,"href":"https:\/\/fsmcv.org\/vl\/wp-json\/wp\/v2\/users\/2"}],"replies":[{"embeddable":true,"href":"https:\/\/fsmcv.org\/vl\/wp-json\/wp\/v2\/comments?post=12224"}],"version-history":[{"count":0,"href":"https:\/\/fsmcv.org\/vl\/wp-json\/wp\/v2\/posts\/12224\/revisions"}],"wp:attachment":[{"href":"https:\/\/fsmcv.org\/vl\/wp-json\/wp\/v2\/media?parent=12224"}],"wp:term":[{"taxonomy":"category","embeddable":true,"href":"https:\/\/fsmcv.org\/vl\/wp-json\/wp\/v2\/categories?post=12224"},{"taxonomy":"post_tag","embeddable":true,"href":"https:\/\/fsmcv.org\/vl\/wp-json\/wp\/v2\/tags?post=12224"}],"curies":[{"name":"wp","href":"https:\/\/api.w.org\/{rel}","templated":true}]}}