{"id":12405,"date":"2019-04-16T11:07:29","date_gmt":"2019-04-16T09:07:29","guid":{"rendered":"https:\/\/fsmcv.org\/?post_type=fsmcv-noticias&#038;p=12405"},"modified":"2021-04-07T14:05:32","modified_gmt":"2021-04-07T12:05:32","slug":"ss-mm-rey-felipe-reina-leticia-aceptan-presidencia-honor-bicentenario-banda-primitiva-lliria","status":"publish","type":"post","link":"https:\/\/fsmcv.org\/vl\/societats-musicals\/ss-mm-rey-felipe-reina-leticia-aceptan-presidencia-honor-bicentenario-banda-primitiva-lliria\/","title":{"rendered":"SS. MM. el Rei Felip i la Reina Leticia accepten la Presid\u00e8ncia d&#8217;Honor del bicentenari de la Banda Primitiva de Ll\u00edria"},"content":{"rendered":"<p>L&#8217;Ateneu Musical i d&#8217;Ensenyament Banda Primitiva de Ll\u00edria es troba celebrant els seus 200 anys d&#8217;hist\u00f2ria, amb una programaci\u00f3 especial d&#8217;activitats sota el lema \u201cM\u00e9s de 200 anys de la millor m\u00fasica\u201d. Des d&#8217;ara, aquesta efem\u00e8ride compta amb el benepl\u00e0cit de Ses Majestats el Rei Felip i la Reina Leticia, que han tingut a b\u00e9 acceptar la Presid\u00e8ncia d&#8217;Honor del bicentenari del Clar\u00edn.<\/p>\n<p><img fetchpriority=\"high\" decoding=\"async\" class=\"aligncenter size-large wp-image-12406\" src=\"https:\/\/fsmcv.org\/BTnet-storage\/wp-uploads\/2019\/04\/carta_casa_reial-679x1024.jpeg\" alt=\"\" width=\"679\" height=\"1024\" title=\"\"><\/p>\n<p>\u201c<em>\u00c9s per a nosaltres un immens honor que Ses Majestats hagen acceptat la Presid\u00e8ncia d&#8217;Honor del bicentenari de la nostra societat<\/em>\u201d ha declarat amb satisfacci\u00f3 el president de la Banda Primitiva, Jos\u00e9 Luis P\u00e9rez. \u201c<em>Esperem poder fer-los lliurament d&#8217;aquesta distinci\u00f3 durant l&#8217;acte central del bicentenari de la societat, que se celebrar\u00e0 el mes de setembre<\/em>\u201d.<\/p>\n<p>El 14 de setembre \u00e9s la data estimada per a aquest acte que espera reunir a tota la comunitat clarinera en una nit per a la hist\u00f2ria. \u201c<em>Estem treballant per a fer que l&#8217;acte central siga una nit m\u00e0gica, en la qual celebrem amb magnific\u00e8ncia que complim 200 anys i que som la banda civil m\u00e9s antiga d&#8217;Espanya<\/em>\u201d.<\/p>\n<p>Cal recordar que SS. MM. Em\u00e8rites, el Rei Joan Carles i la Reina Sofia, ostenten la Presid\u00e8ncia d&#8217;Honor de la Banda Primitiva, des de l&#8217;any 1977, despr\u00e9s de visitar les instal\u00b7lacions de la societat l&#8217;any 1976.<\/p>\n<hr \/>\n<p>Imatge principal: <span class=\"who\">DVirgili<\/span><\/p>\n","protected":false},"excerpt":{"rendered":"<p>L&#8217;acte central del bicentenari est\u00e0 programat per al 14 de setembre de 2019.<\/p>\n","protected":false},"author":2,"featured_media":0,"comment_status":"closed","ping_status":"closed","sticky":false,"template":"","format":"standard","meta":{"footnotes":""},"categories":[56],"tags":[],"class_list":["post-12405","post","type-post","status-publish","format-standard","hentry","category-societats-musicals"],"_links":{"self":[{"href":"https:\/\/fsmcv.org\/vl\/wp-json\/wp\/v2\/posts\/12405","targetHints":{"allow":["GET"]}}],"collection":[{"href":"https:\/\/fsmcv.org\/vl\/wp-json\/wp\/v2\/posts"}],"about":[{"href":"https:\/\/fsmcv.org\/vl\/wp-json\/wp\/v2\/types\/post"}],"author":[{"embeddable":true,"href":"https:\/\/fsmcv.org\/vl\/wp-json\/wp\/v2\/users\/2"}],"replies":[{"embeddable":true,"href":"https:\/\/fsmcv.org\/vl\/wp-json\/wp\/v2\/comments?post=12405"}],"version-history":[{"count":0,"href":"https:\/\/fsmcv.org\/vl\/wp-json\/wp\/v2\/posts\/12405\/revisions"}],"wp:attachment":[{"href":"https:\/\/fsmcv.org\/vl\/wp-json\/wp\/v2\/media?parent=12405"}],"wp:term":[{"taxonomy":"category","embeddable":true,"href":"https:\/\/fsmcv.org\/vl\/wp-json\/wp\/v2\/categories?post=12405"},{"taxonomy":"post_tag","embeddable":true,"href":"https:\/\/fsmcv.org\/vl\/wp-json\/wp\/v2\/tags?post=12405"}],"curies":[{"name":"wp","href":"https:\/\/api.w.org\/{rel}","templated":true}]}}