{"id":12410,"date":"2019-04-16T13:52:47","date_gmt":"2019-04-16T11:52:47","guid":{"rendered":"https:\/\/fsmcv.org\/?post_type=fsmcv-noticias&#038;p=12410"},"modified":"2021-03-29T09:58:17","modified_gmt":"2021-03-29T07:58:17","slug":"obert-termini-inscripcio-cursos-festival-sbalz-2019","status":"publish","type":"post","link":"https:\/\/fsmcv.org\/vl\/area-educativa-vl\/xarxa-centres-educatius\/obert-termini-inscripcio-cursos-festival-sbalz-2019\/","title":{"rendered":"Obert el termini d&#8217;inscripci\u00f3 per als cursos del Festival SBALZ 2019"},"content":{"rendered":"<p>Arriba una nova edici\u00f3 del festival SBALZ que se celebra a Alzira (Val\u00e8ncia), en aquesta ocasi\u00f3 del 2 al 6 de juliol, i que comptar\u00e0 amb grans professionals en diverses especialitats de vent metall i m\u00fasica de cambra.<\/p>\n<p>Des d&#8217;un principi el Festival SBALZ ha comptat amb Spanish Brass com a grup resident i \u201calma mater\u201d. Enguany, quan el grup compleix 30 anys, el festival s&#8217;ha volgut unir a aquesta celebraci\u00f3. Per a aix\u00f2, comptar\u00e0 amb molts amics que han volgut vindre per a festejar-ho: Rex Richardson, Mireia Farr\u00e9s, Gabriele Cassone, Michel Becquet, Thierry Caens, Mar\u00eda Rubio, Luis Gonz\u00e1lez, Carlos Gil, Javier Bonet i Ricardo Carvalhoso, entre altres, conformen l&#8217;elenc pedag\u00f2gic \u00fanic i innovador.<\/p>\n<p>Entre moltes activitats i concerts cal destacar el concert en el qual Spanish Brass reunir\u00e0 diferents grups valencians que durant aquests anys els han acompanyat en la seua carrera o s&#8217;han creuat en el seu cam\u00ed; un concert en el qual comptaran amb Amores Grup de Percussi\u00f3, Quinteto Casulana, B3:Brouwer Trio, Purpura Pansa i, d&#8217;una manera molt especial, Al Tall.<\/p>\n<p>A tot aix\u00f2 cal afegir que el festival compleix la majoria d&#8217;edat, que encara que semblen pocs, han sigut 18 anys plens d&#8217;experi\u00e8ncies, amistats i grans moments.<\/p>\n<h3>Inscripci\u00f3<\/h3>\n<p>Els interessats a participar en el curs en qualsevol de les opcions oferides, hauran de realitzar una preinscripci\u00f3 online i esperar la resposta de la confirmaci\u00f3 de la pla\u00e7a a trav\u00e9s de correu electr\u00f2nic. Si no els arriba la confirmaci\u00f3 en el termini m\u00e0xim de 5 dies, poden cridar al tel\u00e8fon 963312412. Una vegada confirmada la pla\u00e7a, l&#8217;alumne tindr\u00e0 10 dies naturals per a fer el pagament de les taxes a trav\u00e9s d&#8217;ingr\u00e9s o transfer\u00e8ncia banc\u00e0ria i enviar el justificant escanejat al mail: <a href=\"mailto:info@sbalz.com\">info@sbalz.com<\/a>.<\/p>\n<p>Els alumnes menors d&#8217;edat hauran d&#8217;adjuntar tamb\u00e9 l&#8217;autoritzaci\u00f3 del menor emplenada i signada pels seus pares, mares o tutors. El model d&#8217;autoritzaci\u00f3 es pot descarregar de la web.<\/p>\n<p>M\u00e9s informaci\u00f3 i inscripcions en el seg\u00fcent enlla\u00e7: <a href=\"http:\/\/sbalz.com\/inscripciones\/\" target=\"_blank\" rel=\"noopener noreferrer\">http:\/\/sbalz.com\/inscripciones\/<\/a><\/p>\n<h3>Taxes<\/h3>\n<p>\u2013 180 \u20ac alumne actiu<br \/>\n\u2013 150 \u20ac alumne de l&#8217;Aula Spanish Brass i de la Societat Musical d\u2019Alzira<br \/>\n\u2013 150 \u20ac alumne m\u00fasica de cambra<br \/>\n\u2013 225 \u20ac alumne m\u00fasica de cambra i instrument<\/p>\n<p>(* Nom\u00e9s s&#8217;admetran alumnes de grups ja constitu\u00efts i sempre que vinga tot el grup, el preu \u00e9s per cada membre del grup)<\/p>\n<p>\u2013 100 \u20ac alumne o\u00efdor<\/p>\n<p>En les taxes est\u00e0 inclosa una entrada per a cadascun dels concerts del festival per a cada alumne, tant actiu com o\u00efdor.<\/p>\n<h3>M\u00e9s informaci\u00f3<\/h3>\n<p>Consulta la web del Festival: <a href=\"http:\/\/sbalz.com\/inicio-sbalz\/\" target=\"_blank\" rel=\"noopener noreferrer\">http:\/\/sbalz.com\/inicio-sbalz\/<\/a><\/p>\n","protected":false},"excerpt":{"rendered":"<p>Nova edici\u00f3 del festival SBALZ que se celebra a Alzira del 3 al 7 de juliol junt a grans professionals de diverses especialitats de vent metall i m\u00fasica de cambra.<\/p>\n","protected":false},"author":2,"featured_media":0,"comment_status":"closed","ping_status":"closed","sticky":false,"template":"","format":"standard","meta":{"footnotes":""},"categories":[164],"tags":[],"class_list":["post-12410","post","type-post","status-publish","format-standard","hentry","category-xarxa-centres-educatius"],"_links":{"self":[{"href":"https:\/\/fsmcv.org\/vl\/wp-json\/wp\/v2\/posts\/12410","targetHints":{"allow":["GET"]}}],"collection":[{"href":"https:\/\/fsmcv.org\/vl\/wp-json\/wp\/v2\/posts"}],"about":[{"href":"https:\/\/fsmcv.org\/vl\/wp-json\/wp\/v2\/types\/post"}],"author":[{"embeddable":true,"href":"https:\/\/fsmcv.org\/vl\/wp-json\/wp\/v2\/users\/2"}],"replies":[{"embeddable":true,"href":"https:\/\/fsmcv.org\/vl\/wp-json\/wp\/v2\/comments?post=12410"}],"version-history":[{"count":0,"href":"https:\/\/fsmcv.org\/vl\/wp-json\/wp\/v2\/posts\/12410\/revisions"}],"wp:attachment":[{"href":"https:\/\/fsmcv.org\/vl\/wp-json\/wp\/v2\/media?parent=12410"}],"wp:term":[{"taxonomy":"category","embeddable":true,"href":"https:\/\/fsmcv.org\/vl\/wp-json\/wp\/v2\/categories?post=12410"},{"taxonomy":"post_tag","embeddable":true,"href":"https:\/\/fsmcv.org\/vl\/wp-json\/wp\/v2\/tags?post=12410"}],"curies":[{"name":"wp","href":"https:\/\/api.w.org\/{rel}","templated":true}]}}