{"id":12416,"date":"2019-04-17T09:30:32","date_gmt":"2019-04-17T07:30:32","guid":{"rendered":"https:\/\/fsmcv.org\/?post_type=fsmcv-noticias&#038;p=12416"},"modified":"2021-04-07T14:05:16","modified_gmt":"2021-04-07T12:05:16","slug":"jose-luis-granados-elegido-nuevo-director-banda-sociedad-musical-segorbe","status":"publish","type":"post","link":"https:\/\/fsmcv.org\/vl\/societats-musicals\/jose-luis-granados-elegido-nuevo-director-banda-sociedad-musical-segorbe\/","title":{"rendered":"Jos\u00e9 Luis Granados elegit nou director de la banda de la Societat Musical de Segorbe"},"content":{"rendered":"<p>La Societat Musical de Segorbe ha seleccionat Jos\u00e9 Luis Granados Mart\u00ednez com a nou director titular de la seua Banda Simf\u00f2nica.<\/p>\n<p>Granados comen\u00e7ar\u00e0 la seua labor al capdavant de la Banda el mes d&#8217;abril, i el seu primer concert ser\u00e0 el pr\u00f2xim 21 de juliol a l&#8217;Auditori \u201cSalvador Segu\u00ed\u201d de Segorbe, en el concert corresponent al II Concurs de Pasdobles \u201cReines de Segorbe\u201d. La primera part d&#8217;aquesta cita estar\u00e0 protagonitzada per la interpretaci\u00f3 dels 5 pasdobles finalistes d&#8217;aquest concurs, mentre que la segona part quedar\u00e0 reservada per a un programa a elecci\u00f3 del nou director.<\/p>\n<p>L&#8217;anterior director de la formaci\u00f3 band\u00edstica, Josep Miquel Mart\u00ednez, es va acomiadar diumenge passat 14 d&#8217;abril en el Palau de les Arts amb el concert pertanyent al Cicle &#8220;Bandes a les Arts&#8221;. En ell la Societat Musical de Segorbe va interpretar un magn\u00edfic programa amb Manuel Penella com a protagonista i peces d&#8217;altres grans compositors com Ruperto Chap\u00ed, Matilde Salvador o Jacques Offenbach. Aquesta actuaci\u00f3 va ser gravada per a l&#8217;edici\u00f3 d&#8217;un CD que ser\u00e0 publicat en un futur.<\/p>\n<p><img fetchpriority=\"high\" decoding=\"async\" class=\"aligncenter size-large wp-image-12417\" src=\"https:\/\/fsmcv.org\/BTnet-storage\/wp-uploads\/2019\/04\/SM-Segorbe-BANDES-A-LES-ARTS-2019-1024x768.jpg\" alt=\"\" width=\"1024\" height=\"768\" title=\"\"><\/p>\n<h3>Jos\u00e9 Luis Granados<\/h3>\n<p>Jos\u00e9 Luis Granados ha estudiat direcci\u00f3 d&#8217;orquestra i cor en diferents pa\u00efsos europeus i amb artistes de gran nivell: a It\u00e0lia amb el mestre Giuseppe Lancetta; a \u00c0ustria al costat de Achim Holub; en la Universitat Complutense de Madrid amb Juan Mar\u00eda Esteban; i tamb\u00e9 ha realitzat cursos de direcci\u00f3 d&#8217;orquestra en la Universitat de Val\u00e8ncia amb el mestre Yaron Traub.<\/p>\n<p>Respecte a direcci\u00f3 de banda ha realitzat cursos amb Johan de Meij, Ferrer Ferr\u00e1n, Sanz- Espert, Jos\u00e9 Rafael Pascual Vilaplana, Andr\u00e9s Valero, Teo Aparicio Barber\u00e1n, Rafa Garrig\u00f3s i Vicente Soler Soriano. Tamb\u00e9 ha dut a terme cursos de praxi interpretativa amb Lucca Chiantore i d&#8217;an\u00e0lisi orquestral amb Pablo G\u00f3mez, harmonia moderna amb Jes\u00fas Fern\u00e1ndez Vizca\u00edno i Dani Flors, i contrapunt amb Ana Cazurra.<\/p>\n<p><img decoding=\"async\" class=\"aligncenter size-large wp-image-12418\" src=\"https:\/\/fsmcv.org\/BTnet-storage\/wp-uploads\/2019\/04\/jose-luis-granados-director-opt-1024x683.jpg\" alt=\"\" width=\"1024\" height=\"683\" title=\"\"><\/p>\n<p>Assisteix a la producci\u00f3 del ballet <em>El Quijote<\/em> de Ludwin Minkus amb la Companyia de Dansa Nacional i Orquestra de la Comunitat Valenciana (Palau de les Arts). Tamb\u00e9 al workshop sobre producci\u00f3 oper\u00edstica <em>I Puritani<\/em> de Vincenzo Bellini en el Teatre Real de Madrid.<\/p>\n<p>Ha dirigit a la Orquestra Da Camera Fiorentina (It\u00e0lia), Orquestra de la Universitat de Maim\u00f3nides de Buenos Aires (l&#8217;Argentina), Nis Symphony Orchestra i Kamerni Orkestar \u201cConcertant\u201d (S\u00e8rbia), Kammerphilarmonier Graz (\u00c0ustria), Orquestra Simf\u00f2nica Teatre Castelar d&#8217;Elda, a l&#8217;Orquestra de C\u00f2rdova i a l&#8217;Orquestra Filharm\u00f2nica de Requena durant els seus concursos internacionals de direcci\u00f3 d&#8217;orquestra, a l&#8217;Orquestra de la Universitat Complutense de Madrid, la Banda Municipal de Bilbao, la Uni\u00f3 Musical Poblats Mar\u00edtims, etc.<\/p>\n<p>Ha sigut director titular de la Uni\u00f3 Musical El X\u00faquer de Sumac\u00e1rcer, de la Banda del Centre Musical Beniopa (Gandia), i director musical i art\u00edstic de la Jove Orquestra Turina.<\/p>\n<h3>Societat Musical de Segorbe<\/h3>\n<p>El germen de l&#8217;actual Societat Musical cal buscar-lo en la capella de m\u00fasica de la Catedral segorbina, a la qual pertanyien molts m\u00fasics i socis fundadors d&#8217;aquesta. Van ser aquests, juntament amb uns altres simpatiantes, en total uns cent, els que veient l&#8217;aut\u00e8ntica situaci\u00f3 de deterioraci\u00f3 de la banda municipal, van decidir crear una nova societat. El seu reglament va ser aprovat i presentat al Govern de la Prov\u00edncia, a l&#8217;efecte de la llavors Llei d&#8217;Associacions, el 29 de mar\u00e7 de 1905, sent el seu primer president Jos\u00e9 Torres Peyrats.<\/p>\n<p>Hui dia, la Societat Musical de Segorbe compta amb 480 socis i una Escola de M\u00fasica amb 150 alumnes, els quals nodreixen les quatre agrupacions de qu\u00e8 disposa la societat: la Banda Jove formada per uns 30 m\u00fasics, la Banda S\u00e8nior per uns 35, l&#8217;Orquestra \u201cJos\u00e9 Perpiny\u00e0\u201d amb 45 i la Banda Simf\u00f2nica que compta amb 90 m\u00fasics degudament federats.<\/p>\n<p>Actualment est\u00e0 presidida per Mari Pepa Colomina Gomis.<\/p>\n","protected":false},"excerpt":{"rendered":"<p>Granados s&#8217;estrenar\u00e0 amb la formaci\u00f3 en el concert corresponent al II Concurs de Pasdobles \u201cReines de Segorbe\u201d el pr\u00f2xim 21 de juliol a Segorbe.<\/p>\n","protected":false},"author":2,"featured_media":0,"comment_status":"closed","ping_status":"closed","sticky":false,"template":"","format":"standard","meta":{"footnotes":""},"categories":[56],"tags":[],"class_list":["post-12416","post","type-post","status-publish","format-standard","hentry","category-societats-musicals"],"_links":{"self":[{"href":"https:\/\/fsmcv.org\/vl\/wp-json\/wp\/v2\/posts\/12416","targetHints":{"allow":["GET"]}}],"collection":[{"href":"https:\/\/fsmcv.org\/vl\/wp-json\/wp\/v2\/posts"}],"about":[{"href":"https:\/\/fsmcv.org\/vl\/wp-json\/wp\/v2\/types\/post"}],"author":[{"embeddable":true,"href":"https:\/\/fsmcv.org\/vl\/wp-json\/wp\/v2\/users\/2"}],"replies":[{"embeddable":true,"href":"https:\/\/fsmcv.org\/vl\/wp-json\/wp\/v2\/comments?post=12416"}],"version-history":[{"count":0,"href":"https:\/\/fsmcv.org\/vl\/wp-json\/wp\/v2\/posts\/12416\/revisions"}],"wp:attachment":[{"href":"https:\/\/fsmcv.org\/vl\/wp-json\/wp\/v2\/media?parent=12416"}],"wp:term":[{"taxonomy":"category","embeddable":true,"href":"https:\/\/fsmcv.org\/vl\/wp-json\/wp\/v2\/categories?post=12416"},{"taxonomy":"post_tag","embeddable":true,"href":"https:\/\/fsmcv.org\/vl\/wp-json\/wp\/v2\/tags?post=12416"}],"curies":[{"name":"wp","href":"https:\/\/api.w.org\/{rel}","templated":true}]}}