{"id":12428,"date":"2019-04-17T14:20:40","date_gmt":"2019-04-17T12:20:40","guid":{"rendered":"https:\/\/fsmcv.org\/?post_type=fsmcv-noticias&#038;p=12428"},"modified":"2021-03-29T09:57:30","modified_gmt":"2021-03-29T07:57:30","slug":"convocatoria-cicle-musica-als-parcs-2019-ajuntament-barcelona","status":"publish","type":"post","link":"https:\/\/fsmcv.org\/vl\/convocatories-publiques\/convocatoria-cicle-musica-als-parcs-2019-ajuntament-barcelona\/","title":{"rendered":"Convocat\u00f2ria per al cicle &#8220;M\u00fasica als Parcs 2019&#8221; de l&#8217;Ajuntament de Barcelona"},"content":{"rendered":"<p>Ja s\u2019ha obert la convocat\u00f2ria de selecci\u00f3 de joves int\u00e8rprets de cl\u00e0ssica i jazz per al cicle M\u00fasica als Parcs d\u2019aquest 2019. La data l\u00edmit de presentaci\u00f3 de sol\u00b7licituds conclou el 30 d\u2019abril a les 14.00 h.<\/p>\n<h3>Tres mesos de m\u00fasica als parcs de Barcelona<\/h3>\n<p>Cada any, els espais verds de la ciutat s\u2019omplen de m\u00fasica gr\u00e0cies al tradicional festival M\u00fasica als Parcs. Aquest cicle de concerts estiuencs va n\u00e9ixer fa m\u00e9s de 15 anys amb l\u2019objectiu d\u2019acostar la m\u00fasica de qualitat a tots els p\u00fablics i fomentar la pres\u00e8ncia dels joves int\u00e8rprets. Alhora, pret\u00e9n potenciar les possibilitats dels parcs com a espais de conviv\u00e8ncia i lleure tamb\u00e9 durant els capvespres i nits d\u2019estiu.<\/p>\n<p>Aquest certamen de concerts d\u2019estiu gratu\u00efts als jardins i parcs de la ciutat, organitzat per l\u2019Ajuntament de Barcelona amb la col\u00b7laboraci\u00f3 dels districtes i altres entitats municipals, inclou diferents estils de m\u00fasica, com cl\u00e0ssica i jazz, entre altres. El cicle s\u2019inicia amb un concert d\u2019obertura al mes de juny amb un concert singular, i ofereix concerts cada setmana fins a finals d\u2019agost, quan un concert de cloenda tanca el certamen.<\/p>\n<p><strong>Data l\u00edmit de presentaci\u00f3: Dimarts, 30 d\u2019abril de 2019, fins a les 14.00 h.<\/strong><\/p>\n<h3>M\u00fasica als Parcs 2018<\/h3>\n<p>L\u2019edici\u00f3 del cicle M\u00fasica als Parcs del 2018 va comptar amb 14.100 assistents que van gaudir dels 49 concerts oferts de diferents estils, com ara m\u00fasica cl\u00e0ssica, jazz, blues, formacions corals i formacions d\u2019escoles de m\u00fasica o orquestres a diversos parcs i jardins de la ciutat.<\/p>\n<p>Els m\u00fasics i els int\u00e8rprets que hi van actuar van ser seleccionats pel jurat. Tots ells, amb edats d&#8217;entre els 16 i els 35 anys, van poder oferir concerts de petit format, quartets com a m\u00e0xim.<\/p>\n<p>Tamb\u00e9 hi van participar escoles de m\u00fasica municipals, amb la voluntat de destacar la tasca educativa de les escoles de m\u00fasica de Barcelona, que formen gran part dels m\u00fasics que en el futur passaran a estudis musicals superiors.<\/p>\n<p>Per donar a con\u00e8ixer millor els beneficis socials i ambientals dels parcs i jardins, enguany tamb\u00e9 es van continuar fent visites guiades pr\u00e8vies als concerts, una a cada districte, amb explicacions sobre la hist\u00f2ria, la biodiversitat i tamb\u00e9 les peculiaritats d\u2019aquests espais. Tamb\u00e9 es va fer una visita a La F\u00e0brica del Sol, al Parc de la Barceloneta. Al voltant de 400 persones van poder descobrir i gaudir d\u2019aquestes activitats guiades.<\/p>\n<h3>Documentaci\u00f3<\/h3>\n<p><a href=\"https:\/\/fsmcv.org\/BTnet-storage\/wp-uploads\/2019\/04\/Bases-convocato\u0300ria-Mu\u0301sica-als-Parcs-2019.pdf\" target=\"_blank\" rel=\"noopener noreferrer\">Descarrega les bases de la convocat\u00f2ria. [PDF]<\/a><\/p>\n","protected":false},"excerpt":{"rendered":"<p>L&#8217;Ajuntament de Barcelona obri una nova convocat\u00f2ria del programa &#8220;M\u00fasica als Parcs&#8221; per a formacions, solistes, o instrumentistes. La data l\u00edmit de presentaci\u00f3 ser\u00e0 el dimarts 30 d\u2019abril de 2019 a les 14.00 h.<\/p>\n","protected":false},"author":2,"featured_media":0,"comment_status":"closed","ping_status":"closed","sticky":false,"template":"","format":"standard","meta":{"footnotes":""},"categories":[45],"tags":[],"class_list":["post-12428","post","type-post","status-publish","format-standard","hentry","category-convocatories-publiques"],"_links":{"self":[{"href":"https:\/\/fsmcv.org\/vl\/wp-json\/wp\/v2\/posts\/12428","targetHints":{"allow":["GET"]}}],"collection":[{"href":"https:\/\/fsmcv.org\/vl\/wp-json\/wp\/v2\/posts"}],"about":[{"href":"https:\/\/fsmcv.org\/vl\/wp-json\/wp\/v2\/types\/post"}],"author":[{"embeddable":true,"href":"https:\/\/fsmcv.org\/vl\/wp-json\/wp\/v2\/users\/2"}],"replies":[{"embeddable":true,"href":"https:\/\/fsmcv.org\/vl\/wp-json\/wp\/v2\/comments?post=12428"}],"version-history":[{"count":0,"href":"https:\/\/fsmcv.org\/vl\/wp-json\/wp\/v2\/posts\/12428\/revisions"}],"wp:attachment":[{"href":"https:\/\/fsmcv.org\/vl\/wp-json\/wp\/v2\/media?parent=12428"}],"wp:term":[{"taxonomy":"category","embeddable":true,"href":"https:\/\/fsmcv.org\/vl\/wp-json\/wp\/v2\/categories?post=12428"},{"taxonomy":"post_tag","embeddable":true,"href":"https:\/\/fsmcv.org\/vl\/wp-json\/wp\/v2\/tags?post=12428"}],"curies":[{"name":"wp","href":"https:\/\/api.w.org\/{rel}","templated":true}]}}