{"id":12449,"date":"2019-04-26T12:32:09","date_gmt":"2019-04-26T10:32:09","guid":{"rendered":"https:\/\/fsmcv.org\/?post_type=fsmcv-noticias&#038;p=12449"},"modified":"2021-04-07T14:05:03","modified_gmt":"2021-04-07T12:05:03","slug":"fsmcv-arroz-la-fallera-colaboran-campana-actividades-comarcales-2019","status":"publish","type":"post","link":"https:\/\/fsmcv.org\/vl\/societats-musicals\/fsmcv-arroz-la-fallera-colaboran-campana-actividades-comarcales-2019\/","title":{"rendered":"La FSMCV i La Fallera col\u00b7laboren en la campanya d&#8217;Activitats Comarcals 2019"},"content":{"rendered":"<p>La campanya d&#8217;Activitats Comarcals que la Federaci\u00f3 de Societats Musicals de la Comunitat Valenciana posa en marxa cada any comptar\u00e0 en aquesta edici\u00f3 de 2019 amb el patrocini d&#8217;Arr\u00f2s La Fallera. L&#8217;empresa arrossera ser\u00e0 l&#8217;encarregada d&#8217;oferir una paella gegant en diverses activitats pertanyents a aquesta iniciativa protagonitzada per les Societats Musicals federades, que se celebraran des de maig fins a setembre en diversos punts de la geografia valenciana.<\/p>\n<p>&#8220;La Fallera: m\u00fasica en el teu plat&#8221; \u00e9s el nom que porta aquesta acci\u00f3 de patrocini cultural per la qual l&#8217;empresa aliment\u00e0ria col\u00b7labora amb la FSMCV, entitat que compr\u00e9n a m\u00e9s de 550 societats musicals de la Comunitat Valenciana i \u00e9s considerada com el principal agent cultural d&#8217;aquesta comunitat. Amb aquesta campanya es conjuminen dues de les tradicions amb m\u00e9s arrelament i projecci\u00f3 de la nostra terra, com s\u00f3n la m\u00fasica de banda i la gastronomia.<\/p>\n<p>Aix\u00ed, els milers de m\u00fasics participants d&#8217;aquestes activitats comarcals que a continuaci\u00f3 es detallen, podran gaudir d&#8217;una paella gegant amb arr\u00f2s La Fallera com a fermall final de cada esdeveniment, una iniciativa que permetr\u00e0 gaudir de la m\u00fasica i de la gastronomia valenciana m\u00e9s aut\u00e8ntica dins d&#8217;esdeveniments culturals tan variats com cursos de formaci\u00f3, trobades de bandes, festivals o jornades de conviv\u00e8ncia per als m\u00e9s joves.<\/p>\n<h3>Llistat d&#8217;Activitats Comarcals<\/h3>\n<p>Aquestes s\u00f3n les activitats comarcals de la FSMCV que comptaran amb la realitzaci\u00f3 d&#8217;una paella gegant per part d&#8217;Arroz La Fallera ordenades cronol\u00f2gicament:<\/p>\n<p><img fetchpriority=\"high\" decoding=\"async\" class=\"aligncenter size-large wp-image-13592\" src=\"https:\/\/fsmcv.org\/BTnet-storage\/wp-uploads\/2019\/08\/paellas-bandas-sin-cubiertos-ACTUALIZADO-AGOSTO2019-VAL-768x1024.png\" alt=\"\" width=\"768\" height=\"1024\" title=\"\"><br \/>\n<!-- ocultar tabla\n\n\n<table>\n\n\n<tbody>\n\n\n<tr>\n\n\n<th>Comarca<\/th>\n\n\n\n\n<th>Activitat<\/th>\n\n\n\n\n<th>Poblaci\u00f3<\/th>\n\n\n\n\n<th>Data i Hora<\/th>\n\n\n<\/tr>\n\n\n\n\n<tr>\n\n\n<td style=\"text-align: center;\">Plana Baixa<\/td>\n\n\n\n\n<td style=\"text-align: center;\">Curs de manteniment i cura d'instruments<\/td>\n\n\n\n\n<td style=\"text-align: center;\">La Vall d'Uix\u00f2<\/td>\n\n\n\n\n<td style=\"text-align: center;\">26 d'abril\n14.15<\/td>\n\n\n<\/tr>\n\n\n\n\n<tr>\n\n\n<td style=\"text-align: center;\">Vall de C\u00e0rcer<\/td>\n\n\n\n\n<td style=\"text-align: center;\">Desfilada i trobada de Bandes<\/td>\n\n\n\n\n<td style=\"text-align: center;\">Beneixida<\/td>\n\n\n\n\n<td style=\"text-align: center;\">5 de maig\n14.30<\/td>\n\n\n<\/tr>\n\n\n\n\n<tr>\n\n\n<td style=\"text-align: center;\">Marina Alta<\/td>\n\n\n\n\n<td style=\"text-align: center;\">Desfilada de bandes<\/td>\n\n\n\n\n<td style=\"text-align: center;\">Pego<\/td>\n\n\n\n\n<td style=\"text-align: center;\">11 de maig\n14.30<\/td>\n\n\n<\/tr>\n\n\n\n\n<tr>\n\n\n<td style=\"text-align: center;\">Camp de T\u00faria<\/td>\n\n\n\n\n<td style=\"text-align: center;\">Desfilada de bandes<\/td>\n\n\n\n\n<td style=\"text-align: center;\">Casinos<\/td>\n\n\n\n\n<td style=\"text-align: center;\">18 de maig\n12.00<\/td>\n\n\n<\/tr>\n\n\n\n\n<tr>\n\n\n<td style=\"text-align: center;\">Los Serranos<\/td>\n\n\n\n\n<td style=\"text-align: center;\">Trobada d'educands<\/td>\n\n\n\n\n<td style=\"text-align: center;\">Dome\u00f1o<\/td>\n\n\n\n\n<td style=\"text-align: center;\">18 de maig\n14.00<\/td>\n\n\n<\/tr>\n\n\n\n\n<tr>\n\n\n<td style=\"text-align: center;\">Ribera Alta<\/td>\n\n\n\n\n<td style=\"text-align: center;\">Desfilada i trobada de bandes<\/td>\n\n\n\n\n<td style=\"text-align: center;\">Alginet<\/td>\n\n\n\n\n<td style=\"text-align: center;\">18 de maig\n20.30<\/td>\n\n\n<\/tr>\n\n\n\n\n<tr>\n\n\n<td style=\"text-align: center;\">L'Alcoi\u00e0 - Comtat<\/td>\n\n\n\n\n<td style=\"text-align: center;\">Trobada d'escoles de m\u00fasica<\/td>\n\n\n\n\n<td style=\"text-align: center;\">L'Orxa<\/td>\n\n\n\n\n<td style=\"text-align: center;\">25 de maig\n14.00<\/td>\n\n\n<\/tr>\n\n\n\n\n<tr>\n\n\n<td style=\"text-align: center;\">Marina Baixa<\/td>\n\n\n\n\n<td style=\"text-align: center;\">Festival i trobada de bandes<\/td>\n\n\n\n\n<td style=\"text-align: center;\">Sella<\/td>\n\n\n\n\n<td style=\"text-align: center;\">1 de juny\n14.30<\/td>\n\n\n<\/tr>\n\n\n\n\n<tr>\n\n\n<td style=\"text-align: center;\">Horta Sud<\/td>\n\n\n\n\n<td style=\"text-align: center;\">Desfilada i trobada de Bandes Juvenils<\/td>\n\n\n\n\n<td style=\"text-align: center;\">Picassent<\/td>\n\n\n\n\n<td style=\"text-align: center;\">29 de juny\n21.30<\/td>\n\n\n<\/tr>\n\n\n\n\n<tr>\n\n\n<td style=\"text-align: center;\">Alt Pal\u00e0ncia<\/td>\n\n\n\n\n<td style=\"text-align: center;\">Jornada de conviv\u00e8ncia i concert de banda comarcal<\/td>\n\n\n\n\n<td style=\"text-align: center;\">Segorbe<\/td>\n\n\n\n\n<td style=\"text-align: center;\">30 de juny\n14.30<\/td>\n\n\n<\/tr>\n\n\n\n\n<tr>\n\n\n<td style=\"text-align: center;\">Val\u00e8ncia<\/td>\n\n\n\n\n<td style=\"text-align: center;\">Trobada d'escoles de m\u00fasica<\/td>\n\n\n\n\n<td style=\"text-align: center;\">Val\u00e8ncia<\/td>\n\n\n\n\n<td style=\"text-align: center;\">14 de setembre\n14.30<\/td>\n\n\n<\/tr>\n\n\n\n\n<tr>\n\n\n<td style=\"text-align: center;\">La Safor - Valldigna<\/td>\n\n\n\n\n<td style=\"text-align: center;\">Trobada de Bandes<\/td>\n\n\n\n\n<td style=\"text-align: center;\">Daim\u00fas<\/td>\n\n\n\n\n<td style=\"text-align: center;\">15 de setembre\n14.30<\/td>\n\n\n<\/tr>\n\n\n\n\n<tr>\n\n\n<td style=\"text-align: center;\">La Costera<\/td>\n\n\n\n\n<td style=\"text-align: center;\">Festival de bandes<\/td>\n\n\n\n\n<td style=\"text-align: center;\">Moixent<\/td>\n\n\n\n\n<td style=\"text-align: center;\">29 de setembre\n14.00<\/td>\n\n\n<\/tr>\n\n\n<\/tbody>\n\n\n<\/table>\n\n\n<span style=\"display: inline-block; width: 0px; overflow: hidden; line-height: 0;\" data-mce-type=\"bookmark\" class=\"mce_SELRES_start\"><\/span>\n*Pendent de confirmaci\u00f3.\nfin ocultar tabla --><\/p>\n<h3>Campanya Activitats Comarcals FSMCV<\/h3>\n<p>Des de 1998 la FSMCV aposta per aquesta iniciativa comarcal amb l&#8217;objectiu de fomentar la participaci\u00f3, incrementar el nivell formatiu de les estructures de gesti\u00f3, la conviv\u00e8ncia i la interrelaci\u00f3 entre les societats musicals d&#8217;una mateixa comarca. La FSMCV pret\u00e9n amb aquesta gran campanya anual que les comarques de la Comunitat Valenciana programen activitats que ajuden a dinamitzar i cohesionar el col\u00b7lectiu de les societats musicals, al mateix temps que a compartir les activitats i valors propis d&#8217;aquestes societats amb la resta la societat, donant aix\u00ed un enfocament d&#8217;inter\u00e9s general a aquestes activitats.<\/p>\n","protected":false},"excerpt":{"rendered":"<p>La Fallera ser\u00e0 l&#8217;encarregada d&#8217;oferir una paella gegant en activitats pertanyents a aquesta iniciativa protagonitzada per les Societats Musicals federades.<\/p>\n","protected":false},"author":2,"featured_media":0,"comment_status":"closed","ping_status":"closed","sticky":false,"template":"","format":"standard","meta":{"footnotes":""},"categories":[56],"tags":[],"class_list":["post-12449","post","type-post","status-publish","format-standard","hentry","category-societats-musicals"],"_links":{"self":[{"href":"https:\/\/fsmcv.org\/vl\/wp-json\/wp\/v2\/posts\/12449","targetHints":{"allow":["GET"]}}],"collection":[{"href":"https:\/\/fsmcv.org\/vl\/wp-json\/wp\/v2\/posts"}],"about":[{"href":"https:\/\/fsmcv.org\/vl\/wp-json\/wp\/v2\/types\/post"}],"author":[{"embeddable":true,"href":"https:\/\/fsmcv.org\/vl\/wp-json\/wp\/v2\/users\/2"}],"replies":[{"embeddable":true,"href":"https:\/\/fsmcv.org\/vl\/wp-json\/wp\/v2\/comments?post=12449"}],"version-history":[{"count":0,"href":"https:\/\/fsmcv.org\/vl\/wp-json\/wp\/v2\/posts\/12449\/revisions"}],"wp:attachment":[{"href":"https:\/\/fsmcv.org\/vl\/wp-json\/wp\/v2\/media?parent=12449"}],"wp:term":[{"taxonomy":"category","embeddable":true,"href":"https:\/\/fsmcv.org\/vl\/wp-json\/wp\/v2\/categories?post=12449"},{"taxonomy":"post_tag","embeddable":true,"href":"https:\/\/fsmcv.org\/vl\/wp-json\/wp\/v2\/tags?post=12449"}],"curies":[{"name":"wp","href":"https:\/\/api.w.org\/{rel}","templated":true}]}}