{"id":12488,"date":"2019-04-30T09:10:46","date_gmt":"2019-04-30T07:10:46","guid":{"rendered":"https:\/\/fsmcv.org\/?post_type=fsmcv-noticias&#038;p=12488"},"modified":"2021-03-26T13:52:06","modified_gmt":"2021-03-26T12:52:06","slug":"resultado-42-certamen-provincial-bandas-musica-diputacio-castello","status":"publish","type":"post","link":"https:\/\/fsmcv.org\/vl\/certamens\/resultado-42-certamen-provincial-bandas-musica-diputacio-castello\/","title":{"rendered":"Resultats 42\u00e9 Certamen Provincial de Bandes de M\u00fasica de la Diputaci\u00f3 de Castell\u00f3"},"content":{"rendered":"<p>La Diputaci\u00f3 de Castell\u00f3 va celebrar el passat dissabte 27 d&#8217;abril la XLII edici\u00f3 del seu Certamen Provincial de Bandes de M\u00fasica front un Auditori i Palau de Congressos de Castell\u00f3 replet de p\u00fablic. Els assistents van poder gaudir en aquesta ocasi\u00f3 d&#8217;una versi\u00f3 m\u00e9s redu\u00efda de l&#8217;habitual Certamen on van actuar quatre societats musicals en un total de tres seccions.<\/p>\n<p>Despr\u00e9s del sorteig dut a terme el mes de mar\u00e7 passat en el Palau Provincial, va actuar en primer lloc la Uni\u00f3n Musical i Cultural d&#8217;Altura, \u00fanica banda que participava en la quarta secci\u00f3. Seguidament va ser el torn de les dues bandes pertanyents a la tercera secci\u00f3: l&#8217;Associaci\u00f3 Musical Santa Cecilia d&#8217;Alboc\u00e0sser i la Uni\u00f3 Musical Vallduxense. Per a finalitzar l&#8217;exhibici\u00f3 els m\u00fasics de la Uni\u00f3n Musical de Soneja van pujar a l&#8217;escenari per a concursar en la segona secci\u00f3 del Certamen.<\/p>\n<h3>Resultats<\/h3>\n<p><em>Quarta Secci\u00f3<\/em><\/p>\n<p>Uni\u00f3n Musical i Cultural d&#8217;Altura \u2013 1r Premi i Esment d&#8217;Honor amb 328 punts.<\/p>\n<p><em>Tercera Secci\u00f3<\/em><\/p>\n<p>Uni\u00f3 Musical Vallduxense \u2013 1r Premi i Esment d&#8217;Honor amb 340 punts.<\/p>\n<p>Associaci\u00f3 Musical Santa Cecilia d&#8217;Alboc\u00e0sser \u2013 1r Premi amb 337,5 punts i Premi a la millor interpretaci\u00f3 d&#8217;una obra de compositor valenci\u00e0.<\/p>\n<p><em>Segona Secci\u00f3<\/em><\/p>\n<p>Uni\u00f3n Musical de Soneja \u2013 1r Premi i Esment d&#8217;Honor amb 348 punts.<\/p>\n","protected":false},"excerpt":{"rendered":"<p>La Diputaci\u00f3 de Castell\u00f3 va celebrar el passat dissabte 27 d&#8217;abril la XLII edici\u00f3 del seu Certamen Provincial de Bandes de M\u00fasica front un Auditori i Palacio de Congressos de Castell\u00f3 replet de p\u00fablic.<\/p>\n","protected":false},"author":2,"featured_media":0,"comment_status":"closed","ping_status":"closed","sticky":false,"template":"","format":"standard","meta":{"footnotes":""},"categories":[234],"tags":[],"class_list":["post-12488","post","type-post","status-publish","format-standard","hentry","category-certamens"],"_links":{"self":[{"href":"https:\/\/fsmcv.org\/vl\/wp-json\/wp\/v2\/posts\/12488","targetHints":{"allow":["GET"]}}],"collection":[{"href":"https:\/\/fsmcv.org\/vl\/wp-json\/wp\/v2\/posts"}],"about":[{"href":"https:\/\/fsmcv.org\/vl\/wp-json\/wp\/v2\/types\/post"}],"author":[{"embeddable":true,"href":"https:\/\/fsmcv.org\/vl\/wp-json\/wp\/v2\/users\/2"}],"replies":[{"embeddable":true,"href":"https:\/\/fsmcv.org\/vl\/wp-json\/wp\/v2\/comments?post=12488"}],"version-history":[{"count":0,"href":"https:\/\/fsmcv.org\/vl\/wp-json\/wp\/v2\/posts\/12488\/revisions"}],"wp:attachment":[{"href":"https:\/\/fsmcv.org\/vl\/wp-json\/wp\/v2\/media?parent=12488"}],"wp:term":[{"taxonomy":"category","embeddable":true,"href":"https:\/\/fsmcv.org\/vl\/wp-json\/wp\/v2\/categories?post=12488"},{"taxonomy":"post_tag","embeddable":true,"href":"https:\/\/fsmcv.org\/vl\/wp-json\/wp\/v2\/tags?post=12488"}],"curies":[{"name":"wp","href":"https:\/\/api.w.org\/{rel}","templated":true}]}}