{"id":12516,"date":"2019-05-02T11:50:45","date_gmt":"2019-05-02T09:50:45","guid":{"rendered":"https:\/\/fsmcv.org\/?post_type=fsmcv-noticias&#038;p=12516"},"modified":"2021-04-07T14:04:46","modified_gmt":"2021-04-07T12:04:46","slug":"presentada-6-edicion-sent-me-cocentaina","status":"publish","type":"post","link":"https:\/\/fsmcv.org\/vl\/societats-musicals\/presentada-6-edicion-sent-me-cocentaina\/","title":{"rendered":"Presentada la 6\u00e9na edici\u00f3 de SENT-ME Cocentaina"},"content":{"rendered":"<p>El SENT-ME COCENTAINA 2019 celebra la seua sisena edici\u00f3. De nou la formaci\u00f3 musical i els concerts transformaran la capital alacantina del Comtat per a consolidar-la com el f\u00f2rum d&#8217;aprenentatge i gaudir musical que \u00e9s des de 2014. Aix\u00ed va ser com ho van expressar en la presentaci\u00f3 el 30 d&#8217;abril l&#8217;alcaldessa de Cocentaina, Mireia Estepa, la regidora de cultura Marcela Richart, i el creador i director art\u00edstic de SENT-ME COCENTAINA, el director d&#8217;orquestra i music\u00f2leg Ignacio Garc\u00eda-Vidal.<\/p>\n<p><img fetchpriority=\"high\" decoding=\"async\" class=\"aligncenter size-large wp-image-12518\" src=\"https:\/\/fsmcv.org\/BTnet-storage\/wp-uploads\/2019\/05\/Ignacio-Garcia-Vidal-Mireia-Estepa-2-1024x913.jpg\" alt=\"\" width=\"1024\" height=\"913\" title=\"\"><\/p>\n<p style=\"text-align: center;\"><em>Mireia Estepa, Alcaldessa de Cocentaina, i Ignacio Garc\u00eda-Vidal, director art\u00edstic de SENT-ME COCENTAINA<\/em><\/p>\n<p>El Simposi Trobada de Noves Tend\u00e8ncies en M\u00fasica i Educaci\u00f3 (SENT-ME) est\u00e0 organitzat per l&#8217;Ajuntament de Cocentaina, i compta amb els suports de la Universitat d&#8217;Alacant i la Diputaci\u00f3 d&#8217;Alacant.<\/p>\n<p>En l&#8217;edici\u00f3 2019, el SENT-ME COCENTAINA ofereix tres blocs de continguts: <i>masterclass<\/i> d&#8217;un dia, el SENT-MET per a xiquets a partir de 4 anys i un festival de concerts.<\/p>\n<p>Els estudiants de m\u00fasica de totes les edats que ho desitgen podran apuntar-se en les classes magistrals d&#8217;un dia oferides per reconeguts professors de viol\u00ed, violoncello, flauta, clarinet, fagot, trompa, trompeta i direcci\u00f3 musical. Els docents de SENT-ME COCENTAINA provenen d&#8217;institucions de primer nivell, com l&#8217;Orquestra del Palau de les Arts de Val\u00e8ncia, el Conservatori Superior d&#8217;Alacant, l&#8217;Orquestra Simf\u00f2nica de Castella i Lle\u00f3, o la West Eastern Divan Orchestra. El SENT-MET (el SENT-ME per a xiquets a partir de 4 anys) refor\u00e7a i amplia la seua oferta de <i>M\u00fasica i Moviment<\/i> creant l&#8217;especialitat de <i>Conjunt Instrumental<\/i> per a xiquets de m\u00e9s de 10 anys que toquen algun instrument, amb un equip dirigit per la prestigiosa pedagoga Elena Huidobro.<\/p>\n<p>Cocentaina gaudir\u00e0 de nou d&#8217;una setmana de concerts programats per a l&#8217;acostament a tots els p\u00fablics, en formats i espais molt diversos. L&#8217;Orquestra Simf\u00f2nica de la Regi\u00f3 de M\u00farcia, la Banda Simf\u00f2nica de la Federaci\u00f3 de Societats Musicals de la Comunitat Valenciana, el Quartet de Corda de la Orquestra Filharm\u00f2nica de la Universitat d\u00b4Alacant i els propis alumnes del SENT-ME inundaran de m\u00fasica les nits de l&#8217;estiu contest\u00e0.<\/p>\n<p>El termini de matr\u00edcula romandr\u00e0 obert entre el 2 de maig i el 28 de juny, mentre existisca disponibilitat de places, ja que els contingents s\u00f3n limitats.<\/p>\n<p>Tota la informaci\u00f3 sobre els diferents tipus de matr\u00edcules i la programaci\u00f3 es poden consultar en les xarxes socials de SENT-ME COCENTAINA 2019, en la web <a href=\"http:\/\/www.turismococentaina.com\/esp\/sent-me\" target=\"_blank\" rel=\"noopener noreferrer\">www.turismococentaina.com\/esp\/sent-me<\/a> o en el tel\u00e8fon de la Casa de la Joventut de Cocentaina 965592795.<\/p>\n","protected":false},"excerpt":{"rendered":"<p>El Simposi Trobada de Noves Tend\u00e8ncies en M\u00fasica i Educaci\u00f3 tindr\u00e0 lloc del 8 al 12 de juliol consolidat com una proposta cultural de refer\u00e8ncia a l&#8217;interior de la Comunitat Valenciana.<\/p>\n","protected":false},"author":2,"featured_media":0,"comment_status":"closed","ping_status":"closed","sticky":false,"template":"","format":"standard","meta":{"footnotes":""},"categories":[56],"tags":[],"class_list":["post-12516","post","type-post","status-publish","format-standard","hentry","category-societats-musicals"],"_links":{"self":[{"href":"https:\/\/fsmcv.org\/vl\/wp-json\/wp\/v2\/posts\/12516","targetHints":{"allow":["GET"]}}],"collection":[{"href":"https:\/\/fsmcv.org\/vl\/wp-json\/wp\/v2\/posts"}],"about":[{"href":"https:\/\/fsmcv.org\/vl\/wp-json\/wp\/v2\/types\/post"}],"author":[{"embeddable":true,"href":"https:\/\/fsmcv.org\/vl\/wp-json\/wp\/v2\/users\/2"}],"replies":[{"embeddable":true,"href":"https:\/\/fsmcv.org\/vl\/wp-json\/wp\/v2\/comments?post=12516"}],"version-history":[{"count":0,"href":"https:\/\/fsmcv.org\/vl\/wp-json\/wp\/v2\/posts\/12516\/revisions"}],"wp:attachment":[{"href":"https:\/\/fsmcv.org\/vl\/wp-json\/wp\/v2\/media?parent=12516"}],"wp:term":[{"taxonomy":"category","embeddable":true,"href":"https:\/\/fsmcv.org\/vl\/wp-json\/wp\/v2\/categories?post=12516"},{"taxonomy":"post_tag","embeddable":true,"href":"https:\/\/fsmcv.org\/vl\/wp-json\/wp\/v2\/tags?post=12516"}],"curies":[{"name":"wp","href":"https:\/\/api.w.org\/{rel}","templated":true}]}}