{"id":12537,"date":"2019-05-03T09:21:51","date_gmt":"2019-05-03T07:21:51","guid":{"rendered":"https:\/\/fsmcv.org\/?post_type=fsmcv-noticias&#038;p=12537"},"modified":"2021-04-07T14:04:35","modified_gmt":"2021-04-07T12:04:35","slug":"festival-ensems-homenatge-creador-sonor-valencia-llorenc-barber","status":"publish","type":"post","link":"https:\/\/fsmcv.org\/vl\/societats-musicals\/festival-ensems-homenatge-creador-sonor-valencia-llorenc-barber\/","title":{"rendered":"El festival Ensems ret homenatge al creador sonor valenci\u00e0 Lloren\u00e7 Barber"},"content":{"rendered":"<p>El festival musical Ensems, que organitza l&#8217;Institut Valenci\u00e0 de Cultura (IVC), juntament amb l&#8217;Ajuntament de Val\u00e8ncia, el Palau de la M\u00fasica, i la col\u00b7laboraci\u00f3 de la Fundaci\u00f3 SGAE, celebra enguany 2019 la seua 41a edici\u00f3. Especialment destacat \u00e9s l&#8217;homenatge que es rendir\u00e0 al prestigi\u00f3s creador sonor valenci\u00e0 Lloren\u00e7 Barber amb motiu del seu 70\u00e9 aniversari.<\/p>\n<p>Figura de refer\u00e8ncia de l&#8217;art sonor i d&#8217;avantguarda, Lloren\u00e7 Barber compleix 70 anys en 2019. La seua ha sigut una llarga traject\u00f2ria professional que ser\u00e0 revisada aquest divendres 3 de maig, a les 17:30 hores, a la Sala Mart\u00edn i Soler del Palau de la M\u00fasica de Val\u00e8ncia, durant una taula redona en la qual, a m\u00e9s del creador homenatjat, intervindran Rub\u00e9n L\u00f3pez Cano, Marina Herv\u00e1s i Montserrat Palacios, moderats per Pep Llopis (compositor i president del Consell Territorial de la SGAE de la Comunitat Valenciana).<\/p>\n<p>El tribut prosseguir\u00e0 amb &#8220;Microcosmos entorn de Lloren\u00e7 Barber&#8221;, concert a c\u00e0rrec de Grup Cosmos 21 que tindr\u00e0 lloc a les 19 hores a la Sala Garc\u00eda Navarro del Palau de la M\u00fasica. El programa inclou un ram d&#8217;obres que recullen des de la conceptual <em>Coup d\u2019oreille<\/em> a la rupturista <em>Quod tibis magis delectabilis<\/em>, o l&#8217;aleatorietat gr\u00e0fica i formal de <em>Intus<\/em>. A m\u00e9s tamb\u00e9 es podr\u00e0 gaudir de brev\u00edssimes peces d&#8217;amics seus, des del mestre Ram\u00f3n Barce, recuperant obres del Zaj m\u00e9s alternatiu, a Josep Mestres Quadreny, qui als seus 90 anys aparca el llenguatge matem\u00e0tic i mostra el seu costat m\u00e9s humor\u00edstic, po\u00e8tic i visual, per a acabar amb Carlos Gal\u00e1n, fill del minimalisme i el conceptualisme tan propis de Barber.<\/p>\n<p>Tamb\u00e9 a partir del divendres 3 de maig es podr\u00e0 visitar a la Sala Lucrecia Bori del Palau de la M\u00fasica l&#8217;exposici\u00f3 &#8220;Perip\u00e8cia&#8221;, comisariada per l&#8217;artista Fuencisla Franc\u00e9s i que recull una selecci\u00f3 de partitures originals del compositor Lloren\u00e7 Barber.<\/p>\n<h3>Pioner de l&#8217;art sonor a Espanya<\/h3>\n<p>Nascut a Aielo de Malferit (Val\u00e8ncia) en 1948, Lloren\u00e7 Barber \u00e9s \u00e0mpliament conegut pels seus concerts de campanes, que ha realitzat en m\u00e9s de quaranta pa\u00efsos, aix\u00ed com pels seus esfor\u00e7os pedag\u00f2gics, mitjan\u00e7ant la creaci\u00f3 de grups (Actum, Taller de M\u00fasica Mundana, Flatus Vocis Trio, Daniel Charles Orquesta\u2026), festivals (Ensems, Festival de la Lliure Expressi\u00f3 Sonora, Paral\u00b7lel Madrid-Altres M\u00fasiques, Nits d\u2019Aielo i Art&#8230;) o congressos (100 anys d&#8217;art sonor valenci\u00e0). A m\u00e9s, practicant <em>sui generis<\/em> de les maneres de fer de Cage, Fluxus, minimalismes, improvisaci\u00f3 lliure o del <em>soundscape<\/em>, Barber va viure en primera persona els Audio Art Symposiums (Holanda, anys 80), que van conformar el n\u00e0ixer a Europa del hui anomenat Art Sonor. Fruit d&#8217;eixe comprom\u00eds amb un art expandit i festiu, intervindr\u00e0 en festivals com Music\/Context (Londres, 1978) o Klangkunst (Berl\u00edn, 1996). Amb Montserrat Palacios ha signat el llibre <em>La mosca tras la oreja<\/em> (Fundaci\u00f3n SGAE), que ofereix un exhaustiu rep\u00e0s a la hist\u00f2ria de la m\u00fasica experimental i l&#8217;art sonor a Espanya al llarg del segle XX. Des de fa alguns anys, a m\u00e9s, Barber i Palacios dirigeixen el projecte El Cant del Cant\u00f3.<\/p>\n<h3>Art sonor per a tots<\/h3>\n<p>A trav\u00e9s del seu Consell Territorial valenci\u00e0, la Fundaci\u00f3 SGAE col\u00b7labora tamb\u00e9 en els tallers i classes magistrals organitzats en el marc de la XXXI edici\u00f3 de les Trobades de Composici\u00f3 d&#8217;Ensems. El festival ha volgut enguany potenciar el seu vessant pedag\u00f2gic amb el desig de donar a con\u00e9ixer les m\u00fasiques d&#8217;investigaci\u00f3 i normalitzar la seua escolta per tot tipus de p\u00fablics. D&#8217;aquesta manera, entre altres activitats, les Trobades de Composici\u00f3 oferiran en diversos espais de la ciutat sessions magistrals i tallers a c\u00e0rrec d&#8217;Elena Rykova, Natascha Nikeprelevic o Stefan Prins.<\/p>\n","protected":false},"excerpt":{"rendered":"<p>El Festival Ensems commemora el 70 aniversari de l&#8217;artista sonor Lloren\u00e7 Barber i ho fa revisant la seua traject\u00f2ria art\u00edstica i creativa amb una taula redona el divendres 3 de setembre a les 17:30h a la Sala Mart\u00edn i Soler del Palau de la M\u00fasica de Val\u00e8ncia.<\/p>\n","protected":false},"author":2,"featured_media":0,"comment_status":"closed","ping_status":"closed","sticky":false,"template":"","format":"standard","meta":{"footnotes":""},"categories":[56],"tags":[],"class_list":["post-12537","post","type-post","status-publish","format-standard","hentry","category-societats-musicals"],"_links":{"self":[{"href":"https:\/\/fsmcv.org\/vl\/wp-json\/wp\/v2\/posts\/12537","targetHints":{"allow":["GET"]}}],"collection":[{"href":"https:\/\/fsmcv.org\/vl\/wp-json\/wp\/v2\/posts"}],"about":[{"href":"https:\/\/fsmcv.org\/vl\/wp-json\/wp\/v2\/types\/post"}],"author":[{"embeddable":true,"href":"https:\/\/fsmcv.org\/vl\/wp-json\/wp\/v2\/users\/2"}],"replies":[{"embeddable":true,"href":"https:\/\/fsmcv.org\/vl\/wp-json\/wp\/v2\/comments?post=12537"}],"version-history":[{"count":0,"href":"https:\/\/fsmcv.org\/vl\/wp-json\/wp\/v2\/posts\/12537\/revisions"}],"wp:attachment":[{"href":"https:\/\/fsmcv.org\/vl\/wp-json\/wp\/v2\/media?parent=12537"}],"wp:term":[{"taxonomy":"category","embeddable":true,"href":"https:\/\/fsmcv.org\/vl\/wp-json\/wp\/v2\/categories?post=12537"},{"taxonomy":"post_tag","embeddable":true,"href":"https:\/\/fsmcv.org\/vl\/wp-json\/wp\/v2\/tags?post=12537"}],"curies":[{"name":"wp","href":"https:\/\/api.w.org\/{rel}","templated":true}]}}